{"id":87220,"date":"2026-09-03T22:38:27","date_gmt":"2026-09-03T20:38:27","guid":{"rendered":"https:\/\/hunvolley.hu\/?p=87220"},"modified":"2026-09-03T22:39:48","modified_gmt":"2026-09-03T20:39:48","slug":"lezarultak-a-selejtezok-pentektol-jon-a-fotabla","status":"publish","type":"post","link":"https:\/\/hunvolley.hu\/index.php\/strandroplabda\/lezarultak-a-selejtezok-pentektol-jon-a-fotabla\/","title":{"rendered":"Lez\u00e1rultak a selejtez\u0151k \u2013 p\u00e9ntekt\u0151l j\u00f6n a f\u0151t\u00e1bla"},"content":{"rendered":"<div class=\"\" data-turn-id-container=\"f16382cd-bb04-4441-8ff3-42e4ee5a96cc\" data-is-intersecting=\"true\"><strong>A selejtez\u0151k k\u00fczdelmeivel cs\u00fct\u00f6rt\u00f6k\u00f6n elrajtolt a Beach Pro Tour Futures budapesti \u00e1llom\u00e1sa. Az els\u0151 versenynapon k\u00e9t magyar p\u00e1ros\u00e9rt szor\u00edthattunk, p\u00e9nteken azonban m\u00e1r nyolc hazai kett\u0151s kezdi meg szerepl\u00e9s\u00e9t a f\u0151t\u00e1bl\u00e1n a Budapest Gardenben.<\/strong><\/div>\n<div class=\"\" data-turn-id-container=\"request-69d2aac2-c94c-838b-9841-59941840d6de-5\" data-is-intersecting=\"true\">\n<section class=\"text-token-text-primary w-full focus:outline-none has-data-writing-block:pointer-events-none [&amp;:has([data-writing-block])&gt;*]:pointer-events-auto R6Vx5W_threadScrollVars scroll-mb-[calc(var(--scroll-root-safe-area-inset-bottom,0px)+var(--thread-response-height))] scroll-mt-[calc(var(--header-height)+min(200px,max(70px,20svh)))]\" dir=\"auto\" data-turn-id=\"request-69d2aac2-c94c-838b-9841-59941840d6de-5\" data-turn-id-container=\"request-69d2aac2-c94c-838b-9841-59941840d6de-5\" data-testid=\"conversation-turn-22\" data-turn=\"assistant\">\n<div class=\"text-base my-auto mx-auto [--thread-content-margin:var(--thread-content-margin-xs,calc(var(--spacing)*4))] @w-sm\/main:[--thread-content-margin:var(--thread-content-margin-sm,calc(var(--spacing)*6))] @w-lg\/main:[--thread-content-margin:var(--thread-content-margin-lg,calc(var(--spacing)*16))] px-(--thread-content-margin)\">\n<div class=\"[--thread-content-max-width:40rem] @w-lg\/main:[--thread-content-max-width:48rem] mx-auto max-w-(--thread-content-max-width) flex-1 group\/turn-messages focus-visible:outline-hidden relative flex w-full min-w-0 flex-col agent-turn\" data-conversation-screenshot-content=\"\">\n<div class=\"flex max-w-full flex-col gap-4 grow\">\n<div class=\"min-h-8 text-message relative flex w-full flex-col items-end gap-2 text-start break-words whitespace-normal outline-none keyboard-focused:focus-ring [.text-message+&amp;]:mt-1\" dir=\"auto\" data-message-author-role=\"assistant\" data-message-id=\"23387258-5399-48de-b1f0-97f1b582b6bf\" data-message-model-slug=\"gpt-5-6\">\n<div class=\"flex w-full flex-col gap-1 empty:hidden\">\n<div class=\"fbskMG_root markdown prose dark:prose-invert wrap-break-word w-full dark markdown-new-styling\">\n<p data-start=\"299\" data-end=\"529\">A f\u00e9rfi selejtez\u0151ben <strong data-start=\"320\" data-end=\"351\">Ol\u00e1h Botond \u00e9s Jamil Ghazal<\/strong>, m\u00edg a n\u0151kn\u00e9l <strong data-start=\"366\" data-end=\"400\">Szab\u00f3 Lilianna \u00e9s Zolnai Fl\u00f3ra<\/strong> indult harcba a f\u0151t\u00e1bl\u00e1ra jut\u00e1s\u00e9rt. Mindk\u00e9t magyar p\u00e1ros az els\u0151 fordul\u00f3ban b\u00facs\u00fazott, \u00edgy sz\u00e1mukra v\u00e9get \u00e9rt a budapesti torna.<\/p>\n<p data-start=\"531\" data-end=\"876\">P\u00e9nteken azonban \u00fajabb nyolc magyar kett\u0151ssel folytat\u00f3dnak a k\u00fczdelmek, akik m\u00e1r alanyi jogon a f\u0151t\u00e1bl\u00e1n kezdik meg szerepl\u00e9s\u00fcket. A n\u0151i mez\u0151nyben <strong data-start=\"678\" data-end=\"710\">Vill\u00e1m Lilla \u00e9s Kun Stef\u00e1nia<\/strong>, <strong data-start=\"712\" data-end=\"747\">Vasv\u00e1ri Eszter \u00e9s Vasv\u00e1ri Zs\u00f3fi<\/strong>, <strong data-start=\"749\" data-end=\"798\">Honti-Majoros Chiara \u00e9s Poszt\u00f3s-Szab\u00f3 Adrienn<\/strong>, valamint <strong data-start=\"809\" data-end=\"847\">Gubik Hanna \u00e9s Szab\u00f3 Anna Izabella<\/strong> k\u00e9pviseli a magyar sz\u00edneket.<\/p>\n<p data-start=\"878\" data-end=\"1060\">A f\u00e9rfiakn\u00e1l <strong data-start=\"891\" data-end=\"923\">Tari Bence \u00e9s Niemeier Lukas<\/strong>, <strong data-start=\"925\" data-end=\"964\">D\u00f3czi Domonkos \u00e9s Borb\u00e9ly Boldizs\u00e1r<\/strong>, <strong data-start=\"966\" data-end=\"996\">Haj\u00f3s Art\u00far \u00e9s Veress \u00c1kos<\/strong>, illetve <strong data-start=\"1006\" data-end=\"1047\">Bog\u00e1ncs B\u00e1lint \u00e9s S\u00e1rik-Veress Marcel<\/strong> l\u00e9p p\u00e1ly\u00e1ra.<\/p>\n<p data-start=\"1062\" data-end=\"1309\">A f\u0151t\u00e1bla mindk\u00e9t nemn\u00e9l n\u00e9gy, egyenk\u00e9nt n\u00e9gy p\u00e1rosb\u00f3l \u00e1ll\u00f3 csoporttal rajtol. Az els\u0151 fordul\u00f3t k\u00f6vet\u0151en a gy\u0151ztesek egym\u00e1ssal m\u00e9rk\u0151znek meg a csoportels\u0151s\u00e9g\u00e9rt, m\u00edg az els\u0151 tal\u00e1lkoz\u00f3jukat elvesz\u00edt\u0151 p\u00e1rosok sz\u00e1m\u00e1ra a versenyben marad\u00e1s lesz a t\u00e9t.<\/p>\n<p data-start=\"1311\" data-end=\"1672\">Az els\u0151 magyar \u00e9rdekelts\u00e9g\u0171 m\u00e9rk\u0151z\u00e9s <strong data-start=\"1348\" data-end=\"1360\">8:30-kor<\/strong> kezd\u0151dik, a program pedig ak\u00e1r <strong data-start=\"1392\" data-end=\"1404\">18:00-ig<\/strong> is eltarthat, \u00edgy \u00e9rdemes eg\u00e9sz napra kil\u00e1togatni a Budapest Gardenbe. A p\u00e9nteki napon folyamatos magyar meccsd\u00f6mping v\u00e1rhat\u00f3, hiszen <strong data-start=\"1539\" data-end=\"1585\">\u00f6sszesen 12 magyar \u00e9rdekelts\u00e9g\u0171 tal\u00e1lkoz\u00f3t<\/strong> rendeznek, emellett pedig sz\u00ednvonalas nemzetk\u00f6zi m\u00e9rk\u0151z\u00e9sek is v\u00e1rj\u00e1k az \u00e9rdekl\u0151d\u0151ket.<\/p>\n<p data-start=\"1674\" data-end=\"1767\" data-is-last-node=\"\" data-is-only-node=\"\"><strong data-start=\"1674\" data-end=\"1767\" data-is-last-node=\"\">Tal\u00e1lkozzunk p\u00e9nteken is a Budapest Gardenben, \u00e9s szurkoljunk egy\u00fctt a magyar p\u00e1rosoknak!<\/strong><\/p>\n<\/div>\n<\/div>\n<\/div>\n<\/div>\n<\/div>\n<\/div>\n<\/section>\n<\/div>\n","protected":false},"excerpt":{"rendered":"<p>A selejtez\u0151k k\u00fczdelmeivel cs\u00fct\u00f6rt\u00f6k\u00f6n elrajtolt a Beach Pro Tour Futures budapesti \u00e1llom\u00e1sa. Az els\u0151 versenynapon k\u00e9t magyar p\u00e1ros\u00e9rt szor\u00edthattunk, p\u00e9nteken azonban m\u00e1r nyolc hazai kett\u0151s kezdi meg szerepl\u00e9s\u00e9t a f\u0151t\u00e1bl\u00e1n [&hellip;]<\/p>\n","protected":false},"author":16,"featured_media":87215,"comment_status":"closed","ping_status":"closed","sticky":false,"template":"","format":"standard","meta":{"_acf_changed":false,"_et_pb_use_builder":"","_et_pb_old_content":"","_et_gb_content_width":"","footnotes":"","_members_access_role":[],"_members_access_error":""},"categories":[144,36,37],"tags":[],"class_list":["post-87220","post","type-post","status-publish","format-standard","has-post-thumbnail","hentry","category-budapest-garden","category-strandroplabda","category-valogatott-strandroplaba"],"acf":[],"_links":{"self":[{"href":"https:\/\/hunvolley.hu\/index.php\/wp-json\/wp\/v2\/posts\/87220","targetHints":{"allow":["GET"]}}],"collection":[{"href":"https:\/\/hunvolley.hu\/index.php\/wp-json\/wp\/v2\/posts"}],"about":[{"href":"https:\/\/hunvolley.hu\/index.php\/wp-json\/wp\/v2\/types\/post"}],"author":[{"embeddable":true,"href":"https:\/\/hunvolley.hu\/index.php\/wp-json\/wp\/v2\/users\/16"}],"replies":[{"embeddable":true,"href":"https:\/\/hunvolley.hu\/index.php\/wp-json\/wp\/v2\/comments?post=87220"}],"version-history":[{"count":1,"href":"https:\/\/hunvolley.hu\/index.php\/wp-json\/wp\/v2\/posts\/87220\/revisions"}],"predecessor-version":[{"id":87221,"href":"https:\/\/hunvolley.hu\/index.php\/wp-json\/wp\/v2\/posts\/87220\/revisions\/87221"}],"wp:featuredmedia":[{"embeddable":true,"href":"https:\/\/hunvolley.hu\/index.php\/wp-json\/wp\/v2\/media\/87215"}],"wp:attachment":[{"href":"https:\/\/hunvolley.hu\/index.php\/wp-json\/wp\/v2\/media?parent=87220"}],"wp:term":[{"taxonomy":"category","embeddable":true,"href":"https:\/\/hunvolley.hu\/index.php\/wp-json\/wp\/v2\/categories?post=87220"},{"taxonomy":"post_tag","embeddable":true,"href":"https:\/\/hunvolley.hu\/index.php\/wp-json\/wp\/v2\/tags?post=87220"}],"curies":[{"name":"wp","href":"https:\/\/api.w.org\/{rel}","templated":true}]}}