{"id":87214,"date":"2026-09-02T20:34:59","date_gmt":"2026-09-02T18:34:59","guid":{"rendered":"https:\/\/hunvolley.hu\/?p=87214"},"modified":"2026-09-02T22:30:23","modified_gmt":"2026-09-02T20:30:23","slug":"husz-nemzet-parosaival-rajtol-a-beach-pro-tour-futures-budapest","status":"publish","type":"post","link":"https:\/\/hunvolley.hu\/index.php\/strandroplabda\/husz-nemzet-parosaival-rajtol-a-beach-pro-tour-futures-budapest\/","title":{"rendered":"H\u00fasz nemzet p\u00e1rosaival rajtol a Beach Pro Tour Futures Budapest"},"content":{"rendered":"<p><strong>Szeptember 3-\u00e1n kezdet\u00e9t veszi az idei \u00e9v utols\u00f3 el\u0151tti hazai rendez\u00e9s\u0171 nemzetk\u00f6zi strandr\u00f6plabdatorn\u00e1ja, a Beach Pro Tour Futures Budapest. A n\u00e9gynapos esem\u00e9nyen h\u00fasz nemzet k\u00e9pvisel\u0151i l\u00e9pnek homokra, a nemzetk\u00f6zi mez\u0151nyben pedig sz\u00e1mos magyar p\u00e1rosnak is szurkolhatunk.<\/strong><\/p>\n<p>Cs\u00fct\u00f6rt\u00f6k\u00f6n elrajtol a Beach Pro Tour Futures budapesti \u00e1llom\u00e1sa, amely szeptember 3. \u00e9s 6. k\u00f6z\u00f6tt n\u00e9gy napon kereszt\u00fcl k\u00edn\u00e1l nemzetk\u00f6zi strandr\u00f6plabd\u00e1t a hazai k\u00f6z\u00f6ns\u00e9gnek a Budapest Gardenben.<\/p>\n<p>A budapesti torna mez\u0151ny\u00e9nek nemzetk\u00f6zis\u00e9g\u00e9t j\u00f3l mutatja, hogy \u00f6sszesen h\u00fasz k\u00fcl\u00f6nb\u00f6z\u0151 orsz\u00e1g k\u00e9pvisel\u0151i \u00e9rkeznek Magyarorsz\u00e1gra. A magyar strandr\u00f6plabd\u00e1z\u00f3k is jelent\u0151s l\u00e9tsz\u00e1mban lesznek jelen a versenyen, \u00edgy m\u00e1r a nyit\u00f3napt\u00f3l lesz kik\u00e9rt szor\u00edtania a hazai k\u00f6z\u00f6ns\u00e9gnek.<\/p>\n<h5>K\u00e9t magyar p\u00e1ros kezdi meg szerepl\u00e9s\u00e9t a selejtez\u0151ben<\/h5>\n<p>A torna cs\u00fct\u00f6rt\u00f6k\u00f6n a selejtez\u0151kkel veszi kezdet\u00e9t, ahol n\u0151i oldalon Szab\u00f3 Lilianna \u00e9s Zolnai Fl\u00f3ra, m\u00edg a f\u00e9rfiakn\u00e1l Ol\u00e1h Botond \u00e9s Ghazal Jamil pr\u00f3b\u00e1lhatja meg kiharcolni a f\u0151t\u00e1bl\u00e1s szerepl\u00e9st.<\/p>\n<p>A f\u0151t\u00e1bl\u00e1n tov\u00e1bbi n\u00e9gy-n\u00e9gy magyar p\u00e1ros csatlakozik a mez\u0151nyh\u00f6z.<\/p>\n<p>A n\u0151kn\u00e9l Kun Stef\u00e1nia \/ Vill\u00e1m Lilla, Vasv\u00e1ri Eszter \/ Vasv\u00e1ri Zs\u00f3fi, Honti-Majoros Chiara \/ Poszt\u00f3s-Szab\u00f3 Adrienn, valamint Gubik Hanna \/ Szab\u00f3 Izabella Anna k\u00e9pviseli a magyar sz\u00edneket.<\/p>\n<p>A f\u00e9rfiakn\u00e1l Tari Bence \/ Niemeier Lukas, Haj\u00f3s Art\u00far \/ Veress \u00c1kos, D\u00f3czi Domonkos \/ Borb\u00e9ly Boldizs\u00e1r, valamint Bog\u00e1ncs B\u00e1lint \/ S\u00e1rik-Veress Marcel szerepel a f\u0151t\u00e1bl\u00e1n.<\/p>\n<p>A pontos p\u00e1ros\u00edt\u00e1sok \u00e9s m\u00e9rk\u0151z\u00e9sid\u0151pontok a versenyinform\u00e1ci\u00f3k v\u00e9gleges\u00edt\u00e9s\u00e9t k\u00f6vet\u0151en v\u00e1lnak el\u00e9rhet\u0151v\u00e9, ezekr\u0151l fel\u00fcleteinken is folyamatosan besz\u00e1molunk majd.<\/p>\n<h5>N\u00e9gy nap strandr\u00f6plabda Budapesten<\/h5>\n<p>A cs\u00fct\u00f6rt\u00f6ki rajtt\u00f3l eg\u00e9szen a torna vas\u00e1rnapi z\u00e1r\u00e1s\u00e1ig n\u00e9gy napon kereszt\u00fcl zajlanak majd a k\u00fczdelmek.<\/p>\n<p>Az esem\u00e9nyr\u0151l \u00e9s a programr\u00f3l tov\u00e1bbi inform\u00e1ci\u00f3 az esem\u00e9ny Facebook-oldal\u00e1n \u00e9rhet\u0151 el: https:\/\/fb.me\/e\/7bhPNYKuq<\/p>\n<p><strong>L\u00e1togass ki te is a BPT Futures Budapestre, szurkolj a magyar p\u00e1rosoknak, \u00e9s l\u00e9gy r\u00e9szese a n\u00e9gynapos strandr\u00f6plabda-esem\u00e9nynek<\/strong><\/p>\n","protected":false},"excerpt":{"rendered":"<p>Szeptember 3-\u00e1n kezdet\u00e9t veszi az idei \u00e9v utols\u00f3 el\u0151tti hazai rendez\u00e9s\u0171 nemzetk\u00f6zi strandr\u00f6plabdatorn\u00e1ja, a Beach Pro Tour Futures Budapest. A n\u00e9gynapos esem\u00e9nyen h\u00fasz nemzet k\u00e9pvisel\u0151i l\u00e9pnek homokra, a nemzetk\u00f6zi mez\u0151nyben [&hellip;]<\/p>\n","protected":false},"author":16,"featured_media":87215,"comment_status":"closed","ping_status":"closed","sticky":false,"template":"","format":"standard","meta":{"_acf_changed":false,"_et_pb_use_builder":"","_et_pb_old_content":"","_et_gb_content_width":"","footnotes":"","_members_access_role":[],"_members_access_error":""},"categories":[144,36],"tags":[],"class_list":["post-87214","post","type-post","status-publish","format-standard","has-post-thumbnail","hentry","category-budapest-garden","category-strandroplabda"],"acf":[],"_links":{"self":[{"href":"https:\/\/hunvolley.hu\/index.php\/wp-json\/wp\/v2\/posts\/87214","targetHints":{"allow":["GET"]}}],"collection":[{"href":"https:\/\/hunvolley.hu\/index.php\/wp-json\/wp\/v2\/posts"}],"about":[{"href":"https:\/\/hunvolley.hu\/index.php\/wp-json\/wp\/v2\/types\/post"}],"author":[{"embeddable":true,"href":"https:\/\/hunvolley.hu\/index.php\/wp-json\/wp\/v2\/users\/16"}],"replies":[{"embeddable":true,"href":"https:\/\/hunvolley.hu\/index.php\/wp-json\/wp\/v2\/comments?post=87214"}],"version-history":[{"count":4,"href":"https:\/\/hunvolley.hu\/index.php\/wp-json\/wp\/v2\/posts\/87214\/revisions"}],"predecessor-version":[{"id":87219,"href":"https:\/\/hunvolley.hu\/index.php\/wp-json\/wp\/v2\/posts\/87214\/revisions\/87219"}],"wp:featuredmedia":[{"embeddable":true,"href":"https:\/\/hunvolley.hu\/index.php\/wp-json\/wp\/v2\/media\/87215"}],"wp:attachment":[{"href":"https:\/\/hunvolley.hu\/index.php\/wp-json\/wp\/v2\/media?parent=87214"}],"wp:term":[{"taxonomy":"category","embeddable":true,"href":"https:\/\/hunvolley.hu\/index.php\/wp-json\/wp\/v2\/categories?post=87214"},{"taxonomy":"post_tag","embeddable":true,"href":"https:\/\/hunvolley.hu\/index.php\/wp-json\/wp\/v2\/tags?post=87214"}],"curies":[{"name":"wp","href":"https:\/\/api.w.org\/{rel}","templated":true}]}}