{"id":87194,"date":"2026-08-31T09:49:23","date_gmt":"2026-08-31T07:49:23","guid":{"rendered":"https:\/\/hunvolley.hu\/?p=87194"},"modified":"2026-08-31T09:49:23","modified_gmt":"2026-08-31T07:49:23","slug":"koszonjuk-a-szurkolast-es-a-sok-szeretetet","status":"publish","type":"post","link":"https:\/\/hunvolley.hu\/index.php\/szovetseg\/koszonjuk-a-szurkolast-es-a-sok-szeretetet\/","title":{"rendered":"K\u00f6sz\u00f6nj\u00fck a szurkol\u00e1st \u00e9s a sok szeretetet"},"content":{"rendered":"<p><strong>A Magyar R\u00f6plabda Sz\u00f6vets\u00e9g (MRSZ) ez\u00faton k\u00f6sz\u00f6ni meg a feln\u0151tt n\u0151i r\u00f6plabda-v\u00e1logatott ir\u00e1nt tan\u00fas\u00edtott, az Eur\u00f3pa-bajnoks\u00e1gon megnyilv\u00e1nult t\u00e1mogat\u00e1st \u00e9s szeretetet. A tov\u00e1bbjut\u00e1st, illetve a 2027-es vil\u00e1gbajnoki szerepl\u00e9st nem siker\u00fclt el\u00e9rni, ugyanakkor a c\u00e9ljaink t\u00f6retlenek. A magyar r\u00f6plabd\u00e1z\u00e1s fejleszt\u00e9s\u00e9n dolgozunk. Az MRSZ eln\u00f6ks\u00e9ge a lehet\u0151 leghamarabb meghallgatja a v\u00e1logatott szakmai vezet\u00e9s\u00e9nek \u00e9rt\u00e9kel\u00e9s\u00e9t, \u00e9s a j\u00f6v\u0151re vonatkoz\u00f3 strat\u00e9gi\u00e1j\u00e1r\u00f3l, c\u00e9lkit\u0171z\u00e9seir\u0151l t\u00e1j\u00e9koztatni fogja a hazai r\u00f6plabd\u00e1s k\u00f6z\u00f6ss\u00e9get, illetve a k\u00f6zv\u00e9lem\u00e9nyt.<\/strong><\/p>\n<ol start=\"23\">\n<li>helyen v\u00e9gzett a magyar n\u0151i r\u00f6plabda-v\u00e1logatott a 2026-os feln\u0151tt n\u0151i Eur\u00f3pa-bajnoks\u00e1gon. Csal\u00f3d\u00e1s, hogy nem siker\u00fclt m\u00e9rk\u0151z\u00e9st nyerni, \u00e9s ennek k\u00f6vetkezt\u00e9ben a 2027-es vil\u00e1gbajnoki kvalifik\u00e1ci\u00f3 lehet\u0151s\u00e9ge sem v\u00e1lt val\u00f3ra.<\/li>\n<\/ol>\n<p>Az elm\u00falt \u00e9vek eredm\u00e9nyei \u2013 a v\u00e1logatott vil\u00e1granglista helyez\u00e9se \u2013 joggal vet\u00edtett\u00e9k el\u0151re, hogy a magyar n\u0151i r\u00f6plabda-v\u00e1logatott 1982, teh\u00e1t 45 \u00e9v ut\u00e1n ism\u00e9t ott lehet a vil\u00e1gbajnoks\u00e1gon. A Lettorsz\u00e1g elleni dr\u00e1mai m\u00e9rk\u0151z\u00e9s, illetve az, hogy az utols\u00f3 csoportm\u00e9rk\u0151z\u00e9sen Szlov\u00e9nia jobbnak bizonyult, azt jelenti, hogy 2029-ig biztosan v\u00e1rnunk kell erre a lehet\u0151s\u00e9gre.<\/p>\n<p>A magyar n\u0151i r\u00f6plabda v\u00e1logatott az elm\u00falt negyed\u00e9vsz\u00e1zad kontinens-bajnoks\u00e1gainak \u00f6sszes csapat\u00e1t figyelembev\u00e9ve a legfiatalabb \u00e1tlag\u00e9letkor\u00fa kerettel \u00e9rkezett Isztambulba, tizenegy j\u00e1t\u00e9kosunknak ez volt az els\u0151 feln\u0151tt Eur\u00f3pa-bajnoks\u00e1ga. Biztosak vagyunk abban, hogy a torna hozz\u00e1j\u00e1rult a csapat, illetve az egyes j\u00e1t\u00e9kosok egy\u00e9ni fejl\u0151d\u00e9s\u00e9hez is. Nem k\u00e9ts\u00e9ges az sem, hogy a v\u00e1logatott tagjai \u00e9s a szakmai st\u00e1b mindent megtettek a sikeres szerepl\u00e9s \u00e9rdek\u00e9ben. Mindemellett a n\u0151i U18-as v\u00e1logatott 2026-ban megszerzett Eur\u00f3pa-bajnoki bronz\u00e9rme el\u0151re vet\u00edti a szak\u00e1g tov\u00e1bbi fejl\u0151d\u00e9si lehet\u0151s\u00e9geit, illetve j\u00f6v\u0151k\u00e9p\u00e9t.<\/p>\n<p>A Magyar R\u00f6plabda Sz\u00f6vets\u00e9g elk\u00f6telezett a sport\u00e1g fejleszt\u00e9se mellett. Az MRSZ eln\u00f6ks\u00e9ge a lehet\u0151 leghamarabb \u2013 az elm\u00falt napokban felvetett szakmai szempontok marad\u00e9ktalan figyelembev\u00e9tel\u00e9vel \u2013 \u00e9rt\u00e9kelni fogja a feln\u0151tt n\u0151i r\u00f6plabda-v\u00e1logatott Eur\u00f3pa-bajnoki szerepl\u00e9s\u00e9t.<\/p>\n<p>A Magyar R\u00f6plabda Sz\u00f6vets\u00e9g h\u00e1l\u00e1san k\u00f6sz\u00f6ni a szurkol\u00f3k szeretet\u00e9t, illetve a sz\u00f6vets\u00e9g \u00e9s a v\u00e1logatott partnereinek t\u00e1mogat\u00e1s\u00e1t, hozz\u00e1j\u00e1rul\u00e1s\u00e1t.<\/p>\n<p>Hajr\u00e1, magyar r\u00f6plabd\u00e1z\u00e1s!<\/p>\n<p><strong>Magyar R\u00f6plabda Sz\u00f6vets\u00e9g<\/strong><\/p>\n","protected":false},"excerpt":{"rendered":"<p>A Magyar R\u00f6plabda Sz\u00f6vets\u00e9g (MRSZ) ez\u00faton k\u00f6sz\u00f6ni meg a feln\u0151tt n\u0151i r\u00f6plabda-v\u00e1logatott ir\u00e1nt tan\u00fas\u00edtott, az Eur\u00f3pa-bajnoks\u00e1gon megnyilv\u00e1nult t\u00e1mogat\u00e1st \u00e9s szeretetet. A tov\u00e1bbjut\u00e1st, illetve a 2027-es vil\u00e1gbajnoki szerepl\u00e9st nem siker\u00fclt el\u00e9rni, [&hellip;]<\/p>\n","protected":false},"author":16,"featured_media":87198,"comment_status":"closed","ping_status":"closed","sticky":false,"template":"","format":"standard","meta":{"_acf_changed":false,"_et_pb_use_builder":"","_et_pb_old_content":"","_et_gb_content_width":"","footnotes":"","_members_access_role":[],"_members_access_error":""},"categories":[41],"tags":[],"class_list":["post-87194","post","type-post","status-publish","format-standard","has-post-thumbnail","hentry","category-szovetseg"],"acf":[],"_links":{"self":[{"href":"https:\/\/hunvolley.hu\/index.php\/wp-json\/wp\/v2\/posts\/87194","targetHints":{"allow":["GET"]}}],"collection":[{"href":"https:\/\/hunvolley.hu\/index.php\/wp-json\/wp\/v2\/posts"}],"about":[{"href":"https:\/\/hunvolley.hu\/index.php\/wp-json\/wp\/v2\/types\/post"}],"author":[{"embeddable":true,"href":"https:\/\/hunvolley.hu\/index.php\/wp-json\/wp\/v2\/users\/16"}],"replies":[{"embeddable":true,"href":"https:\/\/hunvolley.hu\/index.php\/wp-json\/wp\/v2\/comments?post=87194"}],"version-history":[{"count":1,"href":"https:\/\/hunvolley.hu\/index.php\/wp-json\/wp\/v2\/posts\/87194\/revisions"}],"predecessor-version":[{"id":87197,"href":"https:\/\/hunvolley.hu\/index.php\/wp-json\/wp\/v2\/posts\/87194\/revisions\/87197"}],"wp:featuredmedia":[{"embeddable":true,"href":"https:\/\/hunvolley.hu\/index.php\/wp-json\/wp\/v2\/media\/87198"}],"wp:attachment":[{"href":"https:\/\/hunvolley.hu\/index.php\/wp-json\/wp\/v2\/media?parent=87194"}],"wp:term":[{"taxonomy":"category","embeddable":true,"href":"https:\/\/hunvolley.hu\/index.php\/wp-json\/wp\/v2\/categories?post=87194"},{"taxonomy":"post_tag","embeddable":true,"href":"https:\/\/hunvolley.hu\/index.php\/wp-json\/wp\/v2\/tags?post=87194"}],"curies":[{"name":"wp","href":"https:\/\/api.w.org\/{rel}","templated":true}]}}