{"id":86228,"date":"2026-04-29T14:00:35","date_gmt":"2026-04-29T12:00:35","guid":{"rendered":"https:\/\/hunvolley.hu\/?p=86228"},"modified":"2026-04-29T14:02:53","modified_gmt":"2026-04-29T12:02:53","slug":"hazai-mevza-torna-nyitja-a-nyarat-ime-a-ferfivalogatott-bo-kerete","status":"publish","type":"post","link":"https:\/\/hunvolley.hu\/index.php\/teremroplabda\/hazai-mevza-torna-nyitja-a-nyarat-ime-a-ferfivalogatott-bo-kerete\/","title":{"rendered":"Hazai MEVZA-torna nyitja a nyarat \u2013 \u00edme a f\u00e9rfiv\u00e1logatott b\u0151 kerete!"},"content":{"rendered":"<p><strong>Ma este Sz\u00e9kesfeh\u00e9rv\u00e1ron kezdet\u00e9t veszi a TippmixPro F\u00e9rfi NBI Extraliga 2025\/2026-os k\u00fczdelemsorozat\u00e1nak d\u00f6nt\u0151je, amelyet \u2013 ak\u00e1rcsak egy \u00e9vvel ezel\u0151tt \u2013 a c\u00edmv\u00e9d\u0151 M\u00c1V El\u0151re Foxconn csapata \u00e9s a kupagy\u0151ztes Fino Kaposv\u00e1r v\u00edv egym\u00e1ssal. Ek\u00f6zben ifj. Nagy P\u00e9ter sz\u00f6vets\u00e9gi kapit\u00e1ny kihirdette a f\u00e9rfiv\u00e1logatott b\u0151 keret\u00e9t, amely a m\u00e1jus 18-\u00e1n kezd\u0151d\u0151 felk\u00e9sz\u00fcl\u00e9sre 14\u201316 f\u0151re sz\u0171k\u00fcl majd.<\/strong><\/p>\n<p>A n\u0151i nemzeti egy\u00fctteshez hasonl\u00f3an az ifj. Nagy P\u00e9ter ir\u00e1ny\u00edtotta magyar f\u00e9rfi r\u00f6plabda-v\u00e1logatottra is s\u0171r\u0171 program v\u00e1r. Az egy\u00fcttes m\u00e1jus 18-\u00e1n tal\u00e1lkozik \u00e9s \u00e1ll munk\u00e1ba, hiszen m\u00e1jus 20. \u00e9s 24. k\u00f6z\u00f6tt m\u00e1r MEVZA-torna v\u00e1r a fi\u00fakra. Az els\u0151 alkalommal megrendez\u00e9sre ker\u00fcl\u0151, vil\u00e1granglistapont-szerz\u0151 megm\u00e9rettet\u00e9sen Ausztria, Ciprus, Horv\u00e1torsz\u00e1g \u00e9s Luxemburg v\u00e1logatottj\u00e1t l\u00e1tj\u00e1k vend\u00e9g\u00fcl Horv\u00e1th Krist\u00f3f\u00e9k Fony\u00f3don.<\/p>\n<p>Ezt k\u00f6veti az Eur\u00f3pa Liga, amelynek lebonyol\u00edt\u00e1sa id\u00e9n meg\u00fajult: megsz\u0171nt az arany- \u00e9s ez\u00fcstdiv\u00edzi\u00f3, a sorozat pedig a 2028-as Eur\u00f3pa-bajnoks\u00e1g selejtez\u0151jek\u00e9nt is szolg\u00e1l, csak\u00fagy, mint a j\u00f6v\u0151 \u00e9vi ki\u00edr\u00e1s.<\/p>\n<p>Az els\u0151 fordul\u00f3ban \u2013 j\u00fanius els\u0151 h\u00e9tv\u00e9g\u00e9j\u00e9n \u2013 Kecskem\u00e9ten l\u00e9p p\u00e1ly\u00e1ra a f\u00e9rfiv\u00e1logatott, ahol a bombaer\u0151s Csehorsz\u00e1g, valamint Norv\u00e9gia lesz az ellenf\u00e9l. A m\u00e1sodik k\u00f6rben Sv\u00e1jcba utazik a csapat, ahol a h\u00e1zigazd\u00e1k mellett Luxemburggal csap \u00f6ssze, m\u00edg a harmadik fordul\u00f3ban Bakuban szerepel az egy\u00fcttes a vend\u00e9gl\u00e1t\u00f3 Azerbajdzs\u00e1n \u00e9s Portug\u00e1lia ellen.<\/p>\n<p><em>\u201eIzgatottan v\u00e1rom, hogy elkezdj\u00fck a felk\u00e9sz\u00fcl\u00e9st a csapattal. K\u00edv\u00e1ncsi vagyok, mennyit siker\u00fclt a j\u00e1t\u00e9kosoknak el\u0151rel\u00e9pni, \u00e9s milyen gyorsan tudunk hat\u00e9kony csapatj\u00e1t\u00e9kot kialak\u00edtani. N\u00e9mi v\u00e1ltoz\u00e1s van a keretben: Keen Cameron, aki az elm\u00falt \u00e9vekben meghat\u00e1roz\u00f3 tagja volt a f\u00e9rfiv\u00e1logatottnak, id\u00e9n m\u00e1r f\u00e9lprofi st\u00e1tuszban folytatta p\u00e1lyafut\u00e1s\u00e1t, a sport mellett a mag\u00e1n\u00e9letre \u00e9s a munk\u00e1ra koncentr\u00e1lva, \u00edgy \u0151 nem lesz a v\u00e1logatott tagja. Ugyanakkor v\u00e1llalta Pesti Marcell, aki r\u00e9gi-\u00faj j\u00e1t\u00e9kosk\u00e9nt t\u00e9r vissza. A 22 f\u0151s b\u0151 keret a felk\u00e9sz\u00fcl\u00e9s kezdet\u00e9re 14\u201316 f\u0151re sz\u0171k\u00fcl, vel\u00fck dolgozunk majd v\u00e9gig a ny\u00e1ri program sor\u00e1n\u201d<\/em>\u00a0\u2013 fogalmazott ifj. Nagy P\u00e9ter.<\/p>\n<p><em>\u201eA felk\u00e9sz\u00fcl\u00e9s els\u0151 fontos \u00e1llom\u00e1sa az \u00fajdons\u00e1gnak sz\u00e1m\u00edt\u00f3 MEVZA-torna lesz, ahol a r\u00f6vid id\u0151 ellen\u00e9re is az a c\u00e9l, hogy a csapat min\u00e9l gyorsabban \u00f6ssze\u00e1lljon, \u00e9s hat\u00e9kony, eredm\u00e9nyes j\u00e1t\u00e9kot mutasson. Az Eur\u00f3pa Liga sor\u00e1n er\u0151s ellenfelekkel tal\u00e1lkozunk: Luxemburgot \u00e9s Azerbajdzs\u00e1nt tavaly siker\u00fclt legy\u0151zni, id\u00e9n is ez a c\u00e9lunk, a rendszeres Eb-r\u00e9sztvev\u0151 Sv\u00e1jccal pedig t\u00f6bbsz\u00f6r is tal\u00e1lkoztunk a k\u00f6zelm\u00faltban, ellen\u00fck szoros m\u00e9rk\u0151z\u00e9seket szoktunk j\u00e1tszani, most is erre sz\u00e1m\u00edtok. Norv\u00e9gia, Portug\u00e1lia \u00e9s k\u00fcl\u00f6n\u00f6sen Csehorsz\u00e1g kiemelkedik a mez\u0151nyb\u0151l \u2013 ezek a m\u00e9rk\u0151z\u00e9sek kiv\u00e1l\u00f3 lehet\u0151s\u00e9get adnak arra, hogy megmutassuk, mire vagyunk k\u00e9pesek. Az id\u0151 r\u00f6vids\u00e9ge miatt nagyon gyorsan \u00f6ssze kell \u00e1llnia a csapatnak, de b\u00edzom benne, hogy mindenki maxim\u00e1lisan, mind fejben, mind fizik\u00e1lisan f\u00f3kusz\u00e1lt lesz, \u00e9s egy energikus, dinamikus v\u00e1logatottat l\u00e1thatunk majd a p\u00e1ly\u00e1n\u201d\u00a0<\/em>\u2013 v\u00e9lekedett a sz\u00f6vets\u00e9gi kapit\u00e1ny.<\/p>\n<p><strong>A magyar f\u00e9rfi r\u00f6plabda-v\u00e1logatott kerete<\/strong><\/p>\n<p>\u00c1tl\u00f3k:\u00a0Bib\u00f3k Bal\u00e1zs (Athlos Orestiadas), Pesti Marcell (M\u00c1V El\u0151re Foxconn), Varga P\u00e9ter (M\u00c1V El\u0151re Foxconn)<br \/>\nCenterek:\u00a0Balogh Levente (Prestige Fitness PSE), Boldizs\u00e1r P\u00e9ter (Orion Stars), Cziczlavicz D\u00e1vid (Vegy\u00e9sz RC Kazincbarcika), Garan B\u00e1lint (Vegy\u00e9sz RC Kazincbarcika), Mih\u00e1lovits P\u00e9ter Marcell (Prestige Fitness PSE)<br \/>\nFelad\u00f3k: Mikul\u00e1ss Koch Marcell (VaLePa), Szab\u00f3 Vilmos J\u00f3zsef (M\u00c1V El\u0151re Foxconn), T\u00f3th Krist\u00f3f (Prestige Fitness PSE), T\u00f6r\u00f6k Soma (Vegy\u00e9sz RC Kazincbarcika),<br \/>\nLiber\u00f3k:\u00a0Kiss M\u00e1t\u00e9 (Vegy\u00e9sz RC Kazincbarcika), Tak\u00e1cs Mil\u00e1n (M\u00c1V El\u0151re Foxconn), T\u00f6r\u00f6k Zsombor (DEAC), Szentesi B\u00e1lint (M\u00c1V El\u0151re Foxconn)<br \/>\nN\u00e9gyes\u00fct\u0151k: Horv\u00e1th Krist\u00f3f (AO Kalamata 1980 Affidea), Kecskem\u00e9ti B\u00e1lint Oliv\u00e9r (M\u00c1V El\u0151re Foxconn), Kisp\u00e1l Bal\u00e1zs (Prestige Fitness PSE), P\u00e9ter Arnold (M\u00c1V El\u0151re Foxconn), P\u00e9ter Benedek (Vegy\u00e9sz RC Kazincbarcika), Szalai Krist\u00f3f J\u00f3zsef (Prestige Fitness PSE)<\/p>\n<p><strong>Szakmai st\u00e1b<\/strong><br \/>\nifj. Nagy P\u00e9ter \u2013 sz\u00f6vets\u00e9gi kapit\u00e1ny<br \/>\nToronyai Mikl\u00f3s \u2013 m\u00e1sodedz\u0151<br \/>\nDud\u00e1s Tam\u00e1s \u2013 er\u0151nl\u00e9ti edz\u0151<br \/>\nSzerencs\u00e9s \u00c1d\u00e1m \u2013 statisztikus<br \/>\nL\u00e1z\u00e1r Patrik \u2013 massz\u0151r<br \/>\nTak\u00e1cs Kinga \u2013 manu\u00e1lterapeuta<br \/>\nHorv\u00e1th \u00c1kos M\u00e1rton \u2013 csapatvezet\u0151<\/p>\n","protected":false},"excerpt":{"rendered":"<p>Ma este Sz\u00e9kesfeh\u00e9rv\u00e1ron kezdet\u00e9t veszi a TippmixPro F\u00e9rfi NBI Extraliga 2025\/2026-os k\u00fczdelemsorozat\u00e1nak d\u00f6nt\u0151je, amelyet \u2013 ak\u00e1rcsak egy \u00e9vvel ezel\u0151tt \u2013 a c\u00edmv\u00e9d\u0151 M\u00c1V El\u0151re Foxconn csapata \u00e9s a kupagy\u0151ztes Fino [&hellip;]<\/p>\n","protected":false},"author":11,"featured_media":86230,"comment_status":"closed","ping_status":"closed","sticky":false,"template":"","format":"standard","meta":{"_acf_changed":false,"_et_pb_use_builder":"","_et_pb_old_content":"","_et_gb_content_width":"","footnotes":""},"categories":[31,32],"tags":[],"class_list":["post-86228","post","type-post","status-publish","format-standard","has-post-thumbnail","hentry","category-teremroplabda","category-valogatott"],"acf":[],"_links":{"self":[{"href":"https:\/\/hunvolley.hu\/index.php\/wp-json\/wp\/v2\/posts\/86228","targetHints":{"allow":["GET"]}}],"collection":[{"href":"https:\/\/hunvolley.hu\/index.php\/wp-json\/wp\/v2\/posts"}],"about":[{"href":"https:\/\/hunvolley.hu\/index.php\/wp-json\/wp\/v2\/types\/post"}],"author":[{"embeddable":true,"href":"https:\/\/hunvolley.hu\/index.php\/wp-json\/wp\/v2\/users\/11"}],"replies":[{"embeddable":true,"href":"https:\/\/hunvolley.hu\/index.php\/wp-json\/wp\/v2\/comments?post=86228"}],"version-history":[{"count":8,"href":"https:\/\/hunvolley.hu\/index.php\/wp-json\/wp\/v2\/posts\/86228\/revisions"}],"predecessor-version":[{"id":86237,"href":"https:\/\/hunvolley.hu\/index.php\/wp-json\/wp\/v2\/posts\/86228\/revisions\/86237"}],"wp:featuredmedia":[{"embeddable":true,"href":"https:\/\/hunvolley.hu\/index.php\/wp-json\/wp\/v2\/media\/86230"}],"wp:attachment":[{"href":"https:\/\/hunvolley.hu\/index.php\/wp-json\/wp\/v2\/media?parent=86228"}],"wp:term":[{"taxonomy":"category","embeddable":true,"href":"https:\/\/hunvolley.hu\/index.php\/wp-json\/wp\/v2\/categories?post=86228"},{"taxonomy":"post_tag","embeddable":true,"href":"https:\/\/hunvolley.hu\/index.php\/wp-json\/wp\/v2\/tags?post=86228"}],"curies":[{"name":"wp","href":"https:\/\/api.w.org\/{rel}","templated":true}]}}