{"id":84618,"date":"2025-07-09T11:52:45","date_gmt":"2025-07-09T09:52:45","guid":{"rendered":"https:\/\/hunvolley.hu\/?p=84618"},"modified":"2025-07-09T11:52:45","modified_gmt":"2025-07-09T09:52:45","slug":"mevza-u16-ezustermes-a-kis-muranyi-kettos","status":"publish","type":"post","link":"https:\/\/hunvolley.hu\/index.php\/strandroplabda\/up-strandroplaba\/mevza-u16-ezustermes-a-kis-muranyi-kettos\/","title":{"rendered":"MEVZA U16: Ez\u00fcst\u00e9rmes a Kis\/Mur\u00e1nyi kett\u0151s!"},"content":{"rendered":"<p><strong>A szlov\u00e9niai Portoro\u017eban rendezt\u00e9k az Eur\u00f3pa-bajnoks\u00e1g MEVZA region\u00e1lis selejtez\u0151it j\u00falius 6-8. k\u00f6z\u00f6tt.\u00a0<\/strong><\/p>\n<p>A fi\u00fak k\u00f6z\u00f6tt h\u00e1rom indul\u00f3nk volt: M\u00e1ndi Oliv\u00e9r \u00e9s Szini Barnab\u00e1s, Melle Botond \u00e9s Ritter B\u00e1lint, valamint Ghazal \u00c1d\u00e1m \u00e9s Tari D\u00e1niel. A l\u00e1nyok k\u00f6z\u00f6tt a Szalay Luca\/Szanyi-Feri Kinga, a Farkas Lora\/Moln\u00e1r Laura \u00e9s a Kis Julianna\/Mur\u00e1nyi Herta p\u00e1ros k\u00e9pviselte a magyar sz\u00edneket.<\/p>\n<p>A fi\u00fakn\u00e1l mindh\u00e1rom p\u00e1rosunk t\u00fal\u00e9lte a csoportk\u00f6rt, a nyolcadd\u00f6nt\u0151ben viszont a Pelle\/Ritter \u00e9s a Ghazal\/Tari kett\u0151s egym\u00e1s ellen k\u00e9nyszer\u00fclt j\u00e1tszani \u00e9s el\u0151bbiek jutottak a negyedd\u00f6nt\u0151be. A M\u00e1ndi\/Szini kett\u0151s sz\u00e1m\u00e1ra pedig horv\u00e1tok jelentett\u00e9k a v\u00e9g\u00e1llom\u00e1st, szint\u00e9n a nyolcadd\u00f6nt\u0151ben. A helyoszt\u00f3k sor\u00e1n v\u00e9g\u00fcl a Pelle\/Ritter a 6., a M\u00e1ndi\/Szini a 10., a Ghazal\/Tari a 12. helyen v\u00e9gzett.<\/p>\n<p>A le\u00e1nyok verseny\u00e9ben a Szalay\/Szanyi-Feri \u00e9s a Farkas\/Moln\u00e1r kett\u0151s sem jutott tov\u00e1bb a csoportk\u00f6rb\u0151l, a 12. \u00e9s 13. helyen v\u00e9geztek. Kis Julianna \u00e9s Mur\u00e1nyi Herta azonban k\u00e9t sikerrel abszolv\u00e1lta a csoportot, az el\u0151d\u00f6nt\u0151ben pedig egy cseh p\u00e1roson kereszt\u00fcl vezetett az \u00fat a fin\u00e1l\u00e9ba. Ott egy m\u00e1sik cseh kett\u0151s j\u00f6tt szembe, akik pedig m\u00e1r t\u00fal nagy falatnak bizonyultak, \u00edgy a magyar l\u00e1nyok az ez\u00fcst\u00e9remmel t\u00e1vozhattak.<\/p>\n","protected":false},"excerpt":{"rendered":"<p>A szlov\u00e9niai Portoro\u017eban rendezt\u00e9k az Eur\u00f3pa-bajnoks\u00e1g MEVZA region\u00e1lis selejtez\u0151it j\u00falius 6-8. k\u00f6z\u00f6tt.\u00a0 A fi\u00fak k\u00f6z\u00f6tt h\u00e1rom indul\u00f3nk volt: M\u00e1ndi Oliv\u00e9r \u00e9s Szini Barnab\u00e1s, Melle Botond \u00e9s Ritter B\u00e1lint, valamint Ghazal [&hellip;]<\/p>\n","protected":false},"author":16,"featured_media":84619,"comment_status":"closed","ping_status":"closed","sticky":false,"template":"","format":"standard","meta":{"_acf_changed":false,"_et_pb_use_builder":"","_et_pb_old_content":"","_et_gb_content_width":"","footnotes":""},"categories":[39],"tags":[],"class_list":["post-84618","post","type-post","status-publish","format-standard","has-post-thumbnail","hentry","category-up-strandroplaba"],"acf":[],"_links":{"self":[{"href":"https:\/\/hunvolley.hu\/index.php\/wp-json\/wp\/v2\/posts\/84618","targetHints":{"allow":["GET"]}}],"collection":[{"href":"https:\/\/hunvolley.hu\/index.php\/wp-json\/wp\/v2\/posts"}],"about":[{"href":"https:\/\/hunvolley.hu\/index.php\/wp-json\/wp\/v2\/types\/post"}],"author":[{"embeddable":true,"href":"https:\/\/hunvolley.hu\/index.php\/wp-json\/wp\/v2\/users\/16"}],"replies":[{"embeddable":true,"href":"https:\/\/hunvolley.hu\/index.php\/wp-json\/wp\/v2\/comments?post=84618"}],"version-history":[{"count":1,"href":"https:\/\/hunvolley.hu\/index.php\/wp-json\/wp\/v2\/posts\/84618\/revisions"}],"predecessor-version":[{"id":84620,"href":"https:\/\/hunvolley.hu\/index.php\/wp-json\/wp\/v2\/posts\/84618\/revisions\/84620"}],"wp:featuredmedia":[{"embeddable":true,"href":"https:\/\/hunvolley.hu\/index.php\/wp-json\/wp\/v2\/media\/84619"}],"wp:attachment":[{"href":"https:\/\/hunvolley.hu\/index.php\/wp-json\/wp\/v2\/media?parent=84618"}],"wp:term":[{"taxonomy":"category","embeddable":true,"href":"https:\/\/hunvolley.hu\/index.php\/wp-json\/wp\/v2\/categories?post=84618"},{"taxonomy":"post_tag","embeddable":true,"href":"https:\/\/hunvolley.hu\/index.php\/wp-json\/wp\/v2\/tags?post=84618"}],"curies":[{"name":"wp","href":"https:\/\/api.w.org\/{rel}","templated":true}]}}