{"id":78918,"date":"2025-05-26T11:03:16","date_gmt":"2025-05-26T09:03:16","guid":{"rendered":"https:\/\/hunvolley.hu\/?p=78918"},"modified":"2025-05-28T09:53:43","modified_gmt":"2025-05-28T07:53:43","slug":"dr-kotsis-attilane-ob-donto-ismet-a-bekescsaba-a-bajnok","status":"publish","type":"post","link":"https:\/\/hunvolley.hu\/index.php\/teremroplabda\/up\/dr-kotsis-attilane-ob-donto-ismet-a-bekescsaba-a-bajnok\/","title":{"rendered":"dr. Kotsis Attil\u00e1n\u00e9 U15 OB-d\u00f6nt\u0151: Ism\u00e9t a B\u00e9k\u00e9scsaba a bajnok!"},"content":{"rendered":"<p><strong>M\u00e1jus 23. \u00e9s 25. k\u00f6z\u00f6tt Ny\u00edregyh\u00e1z\u00e1n rendezt\u00e9k a dr. Kotsis Attil\u00e1n\u00e9 U15 Orsz\u00e1gos Bajnoks\u00e1g I. oszt\u00e1ly d\u00f6nt\u0151j\u00e9t. A koroszt\u00e1ly bajnoka a BRSE-Feh\u00e9r csapata lett, m\u00edg az ez\u00fcst\u00e9rmet a Vasas Piros csapata, a bronz\u00e9rmet pedig az SZRSE Narancs csapara h\u00f3d\u00edtotta el.<\/strong><\/p>\n<p>P\u00e9ntekt\u0151l-vas\u00e1rnapig hat csapat sz\u00e1llt harcba a gy\u0151ztesnek j\u00e1r\u00f3 tr\u00f3fe\u00e1\u00e9rt. A h\u00e1zigazda Ny\u00edregyh\u00e1za mellett az SZRSE Narancs, a Vasas Piros \u00e9s K\u00e9k csapata, a SZOSI \u00e9s a BRSE-Feh\u00e9r egy\u00fcttese fesz\u00fcltek egym\u00e1snak.<\/p>\n<p>P\u00e9nteken k\u00e9t csoportban k\u00f6rm\u00e9rk\u0151z\u00e9seket v\u00edvtak egym\u00e1ssal a csapatok, a csoportels\u0151k az el\u0151d\u00f6nt\u0151be jutottak, m\u00edg a csoportok m\u00e1sodik helyezettjei keresztj\u00e1t\u00e9kban harcolhatt\u00e1k ki a n\u00e9gy k\u00f6z\u00e9 jut\u00e1st. A szombati el\u0151d\u00f6nt\u0151ben a B\u00e9k\u00e9scsaba a h\u00e1zigazda Ny\u00edregyh\u00e1z\u00e1t 3-0-ra, a Vasas Piros csapata pedig a Szegedet 3-1-re gy\u0151zte le.<\/p>\n<p>A vas\u00e1rnapot helyoszt\u00f3 nyitotta \u2013 az \u00f6t\u00f6dik helyet a Szombathely szerezte meg az Vasas SC K\u00e9k U15 csapata ellen. Ezt k\u00f6vette a bronzm\u00e9rk\u0151z\u00e9s, amelyen a SZRSE 3-0-ra gy\u0151z\u00f6tt a Ny\u00edregyh\u00e1za ellen. A d\u00f6nt\u0151ben a Nagy Attila \u00e1ltal ir\u00e1ny\u00edtott B\u00e9k\u00e9scsaba g\u00e1rd\u00e1ja a 3-2-es, d\u00f6nt\u0151 szettes sikert aratott a Vasas ellen, \u00edgy a 2024\/2025-\u00f6s ki\u00edr\u00e1s bajnoka a BRSE-Feh\u00e9r, az ez\u00fcst\u00e9rmes pedig a Vasas SC U15 Piros egy\u00fcttese lett. A b\u00e9k\u00e9scsabaiak ezzel azt a brav\u00fart is maguk\u00e9nak tudhatj\u00e1k, hogy mindh\u00e1rom le\u00e1ny koroszt\u00e1lyban (U15, U17, U20) elh\u00f3d\u00edtott\u00e1k az ut\u00e1np\u00f3tl\u00e1s bajnoki c\u00edmet.<\/p>\n<p>Gratul\u00e1lunk minden r\u00e9sztvev\u0151nek!<\/p>\n<p><strong>dr. Kotsis Attil\u00e1n\u00e9 U15 Orsz\u00e1gos Bajnoks\u00e1g I. Oszt\u00e1ly \u2013 D\u00f6nt\u0151<\/strong><br \/>\n<strong>EREDM\u00c9NYEK<\/strong><\/p>\n<p><strong>2025. m\u00e1jus 23., p\u00e9ntek<\/strong><br \/>\nSZRSE Narancs \u2013 Ny\u00edregyh\u00e1za 2-3<br \/>\nSZOSI A \u2013 Vasas SC K\u00e9k U15 1-3<br \/>\nVasas SC Piros U15 \u2013 SZRSE Narancs 3-2<br \/>\nBRSE-Feh\u00e9r \u2013 SZOSI A 3-0<br \/>\nNy\u00edregyh\u00e1za \u2013 Vasas SC Piros U15 1-3<br \/>\nVasas SC K\u00e9k U15 \u2013 BRSE-Feh\u00e9r 0-3<\/p>\n<p><strong>2025. m\u00e1jus 24., szombat<\/strong><br \/>\nNy\u00edregyh\u00e1za \u2013 SZOSI A 3-1 (keresztj\u00e1t\u00e9k)<br \/>\nVasas SC K\u00e9k U15 \u2013 SZRSE Narancs 0-3 (keresztj\u00e1t\u00e9k)<br \/>\nBRSE-Feh\u00e9r \u2013 Ny\u00edregyh\u00e1za 3-0 (el\u0151d\u00f6nt\u0151)<br \/>\nVasas SC Piros U15 \u2013 SZRSE Narancs 3-1 (el\u0151d\u00f6nt\u0151)<\/p>\n<p><strong>2025. m\u00e1jus 25., vas\u00e1rnap<\/strong><br \/>\n5. hely\u00e9rt: SZOSI A \u2013 Vasas SC K\u00e9k U15 3-0<br \/>\n3. hely\u00e9rt: Ny\u00edregyh\u00e1za \u2013 SZRSE Narancs 0-3<br \/>\n1. hely\u00e9rt: BRSE-Feh\u00e9r \u2013 Vasas SC Piros U15 3-2<\/p>\n<p><strong>V\u00c9GEREDM\u00c9NY<\/strong><br \/>\n1. BRSE-Feh\u00e9r<br \/>\n2. Vasas SC Piros U15<br \/>\n3. SZRSE Narancs<br \/>\n4. Ny\u00edregyh\u00e1za<br \/>\n5. SZOSI A<br \/>\n6. Vasas SC K\u00e9k U15<\/p>\n<p><strong>K\u00dcL\u00d6ND\u00cdJASOK<br \/>\n<\/strong><strong>Leg\u00e9rt\u00e9kesebb j\u00e1t\u00e9kos (MVP):\u00a0<\/strong>Matvon Anna (BRSE-Feh\u00e9r)<br \/>\n<strong>Legjobb felad\u00f3:\u00a0<\/strong>Indra S\u00e1ra (Vasas SC Piros U15)<br \/>\n<strong>Legjobb t\u00e1mad\u00f3:<\/strong> Czak\u00f3 Szofi (SZRSE Narancs)<br \/>\n<strong>Legjobb center:\u00a0<\/strong>Ilonka-Kalla S\u00e1ra (BRSE-Feh\u00e9r)<\/p>\n<p><img loading=\"lazy\" decoding=\"async\" class=\"alignnone size-full wp-image-78921\" src=\"https:\/\/hunvolley.hu\/wp-content\/uploads\/vasas.png\" alt=\"\" width=\"2048\" height=\"1366\" srcset=\"https:\/\/hunvolley.hu\/wp-content\/uploads\/vasas.png 2048w, https:\/\/hunvolley.hu\/wp-content\/uploads\/vasas-1280x854.png 1280w, https:\/\/hunvolley.hu\/wp-content\/uploads\/vasas-980x654.png 980w, https:\/\/hunvolley.hu\/wp-content\/uploads\/vasas-480x320.png 480w\" sizes=\"(min-width: 0px) and (max-width: 480px) 480px, (min-width: 481px) and (max-width: 980px) 980px, (min-width: 981px) and (max-width: 1280px) 1280px, (min-width: 1281px) 2048px, 100vw\" \/><\/p>\n<p><img loading=\"lazy\" decoding=\"async\" class=\"alignnone size-full wp-image-78920\" src=\"https:\/\/hunvolley.hu\/wp-content\/uploads\/szrse.png\" alt=\"\" width=\"2048\" height=\"1366\" srcset=\"https:\/\/hunvolley.hu\/wp-content\/uploads\/szrse.png 2048w, https:\/\/hunvolley.hu\/wp-content\/uploads\/szrse-1280x854.png 1280w, https:\/\/hunvolley.hu\/wp-content\/uploads\/szrse-980x654.png 980w, https:\/\/hunvolley.hu\/wp-content\/uploads\/szrse-480x320.png 480w\" sizes=\"(min-width: 0px) and (max-width: 480px) 480px, (min-width: 481px) and (max-width: 980px) 980px, (min-width: 981px) and (max-width: 1280px) 1280px, (min-width: 1281px) 2048px, 100vw\" \/><\/p>\n","protected":false},"excerpt":{"rendered":"<p>M\u00e1jus 23. \u00e9s 25. k\u00f6z\u00f6tt Ny\u00edregyh\u00e1z\u00e1n rendezt\u00e9k a dr. Kotsis Attil\u00e1n\u00e9 U15 Orsz\u00e1gos Bajnoks\u00e1g I. oszt\u00e1ly d\u00f6nt\u0151j\u00e9t. A koroszt\u00e1ly bajnoka a BRSE-Feh\u00e9r csapata lett, m\u00edg az ez\u00fcst\u00e9rmet a Vasas Piros [&hellip;]<\/p>\n","protected":false},"author":16,"featured_media":78919,"comment_status":"closed","ping_status":"closed","sticky":false,"template":"","format":"standard","meta":{"_acf_changed":false,"_et_pb_use_builder":"","_et_pb_old_content":"","_et_gb_content_width":"","footnotes":""},"categories":[35],"tags":[],"class_list":["post-78918","post","type-post","status-publish","format-standard","has-post-thumbnail","hentry","category-up"],"acf":[],"_links":{"self":[{"href":"https:\/\/hunvolley.hu\/index.php\/wp-json\/wp\/v2\/posts\/78918","targetHints":{"allow":["GET"]}}],"collection":[{"href":"https:\/\/hunvolley.hu\/index.php\/wp-json\/wp\/v2\/posts"}],"about":[{"href":"https:\/\/hunvolley.hu\/index.php\/wp-json\/wp\/v2\/types\/post"}],"author":[{"embeddable":true,"href":"https:\/\/hunvolley.hu\/index.php\/wp-json\/wp\/v2\/users\/16"}],"replies":[{"embeddable":true,"href":"https:\/\/hunvolley.hu\/index.php\/wp-json\/wp\/v2\/comments?post=78918"}],"version-history":[{"count":5,"href":"https:\/\/hunvolley.hu\/index.php\/wp-json\/wp\/v2\/posts\/78918\/revisions"}],"predecessor-version":[{"id":78938,"href":"https:\/\/hunvolley.hu\/index.php\/wp-json\/wp\/v2\/posts\/78918\/revisions\/78938"}],"wp:featuredmedia":[{"embeddable":true,"href":"https:\/\/hunvolley.hu\/index.php\/wp-json\/wp\/v2\/media\/78919"}],"wp:attachment":[{"href":"https:\/\/hunvolley.hu\/index.php\/wp-json\/wp\/v2\/media?parent=78918"}],"wp:term":[{"taxonomy":"category","embeddable":true,"href":"https:\/\/hunvolley.hu\/index.php\/wp-json\/wp\/v2\/categories?post=78918"},{"taxonomy":"post_tag","embeddable":true,"href":"https:\/\/hunvolley.hu\/index.php\/wp-json\/wp\/v2\/tags?post=78918"}],"curies":[{"name":"wp","href":"https:\/\/api.w.org\/{rel}","templated":true}]}}