{"id":78911,"date":"2025-05-21T19:30:11","date_gmt":"2025-05-21T17:30:11","guid":{"rendered":"https:\/\/hunvolley.hu\/?p=78911"},"modified":"2025-05-28T09:53:15","modified_gmt":"2025-05-28T07:53:15","slug":"dr-kotsis-attilane-ob-donto-nyiregyhazara-szegezodnek-a-szemek","status":"publish","type":"post","link":"https:\/\/hunvolley.hu\/index.php\/teremroplabda\/up\/dr-kotsis-attilane-ob-donto-nyiregyhazara-szegezodnek-a-szemek\/","title":{"rendered":"dr. Kotsis Attil\u00e1n\u00e9 U15 OB-d\u00f6nt\u0151: Ny\u00edregyh\u00e1z\u00e1ra szegez\u0151dnek a szemek"},"content":{"rendered":"<p><strong>M\u00e1jus negyedik h\u00e9tv\u00e9g\u00e9j\u00e9n az U15-\u00f6s fi\u00fak a f\u0151v\u00e1rosban sz\u00e1llnak harcba a bajnoki c\u00edm\u00e9rt.<\/strong><\/p>\n<p>M\u00e1jus 23. \u00e9s 25. k\u00f6z\u00f6tt Ny\u00edregyh\u00e1z\u00e1n rendezik a dr. Kotsis Attil\u00e1n\u00e9 U15 Orsz\u00e1gos Bajnoks\u00e1g I. oszt\u00e1ly\u00e1nak d\u00f6nt\u0151j\u00e9t. A rendez\u0151 Ny\u00edregyh\u00e1za mellett a Vasas k\u00e9t csapattal vesz r\u00e9szt, valamint a B\u00e9k\u00e9scsaba, a Szombathely \u00e9s a Szeged k\u00e9pviselteti mag\u00e1t a fin\u00e1l\u00e9n.<\/p>\n<p>A csapatok k\u00e9t csoportban k\u00f6rm\u00e9rk\u0151z\u00e9st j\u00e1tszanak. A csoportok els\u0151 helyezettjei az el\u0151d\u00f6nt\u0151be jutnak, a csoportok 2. helyezettjei a m\u00e1sik csoport 3. helyezettjeivel m\u00e9rk\u0151znek (keresztj\u00e1t\u00e9k), ezt k\u00f6vet\u0151en a gy\u0151ztesek a csoportok 1. helyezettjeivel j\u00e1tszanak (el\u0151d\u00f6nt\u0151k). A keresztj\u00e1t\u00e9k vesztesei az 5-6. hely\u00e9rt j\u00e1tszanak.<\/p>\n<p>A m\u00e9rk\u0151z\u00e9seket a\u00a0<a href=\"https:\/\/hunvolley.tv\/pr_a\/300\/001\/p_001.asp\" target=\"_blank\" rel=\"noopener\">Hunvolley TV<\/a>\u00a0weboldalon \u00e9l\u0151ben k\u00f6zvet\u00edtj\u00fck.<\/p>\n<p><strong>dr. Kotsis Attil\u00e1n\u00e9 U15 Orsz\u00e1gos Bajnoks\u00e1g I. Oszt\u00e1ly \u2013 D\u00f6nt\u0151<\/strong><br \/>\n<strong>PROGRAM<\/strong><\/p>\n<p><strong>2025. m\u00e1jus 23., p\u00e9ntek<\/strong><br \/>\n9:30 SZRSE Narancs \u2013 Ny\u00edregyh\u00e1za<br \/>\n11:00 SZOSI A \u2013 Vasas SC K\u00e9k U15<br \/>\n12:30 Vasas SC Piros U15 \u2013 SZRSE Narancs<br \/>\n14:00 BRSE-Feh\u00e9r \u2013 SZOSI A<br \/>\n15:30 Ny\u00edregyh\u00e1za \u2013 Vasas SC Piros U15<br \/>\n17:00 Vasas SC K\u00e9k U15 \u2013 BRSE-Feh\u00e9r<\/p>\n<p><strong>2025. m\u00e1jus 24., szombat<\/strong><br \/>\n10:00 A2. \u2013 B3. helyezett (keresztj\u00e1t\u00e9k)<br \/>\n12:00 B2. \u2013 A3. helyezett (keresztj\u00e1t\u00e9k)<br \/>\n17:00 B1. \u2013 A2. \u2013 B3. gy\u0151ztes (el\u0151d\u00f6nt\u0151)<br \/>\n19:00 A1. \u2013 B2. \u2013 A3. gy\u0151ztes (el\u0151d\u00f6nt\u0151)<\/p>\n<p><strong>2025. m\u00e1jus 25., vas\u00e1rnap<\/strong><br \/>\n11:00 5. hely\u00e9rt (keresztj\u00e1t\u00e9k vesztesei)<br \/>\n13:00 3. hely\u00e9rt (el\u0151d\u00f6nt\u0151k vesztesei)<br \/>\n15:00 1. hely\u00e9rt (el\u0151d\u00f6nt\u0151k gy\u0151ztesei)<br \/>\nkb. 17:00 \u00dcnnep\u00e9lyes eredm\u00e9nyhirdet\u00e9s<\/p>\n","protected":false},"excerpt":{"rendered":"<p>M\u00e1jus negyedik h\u00e9tv\u00e9g\u00e9j\u00e9n az U15-\u00f6s fi\u00fak a f\u0151v\u00e1rosban sz\u00e1llnak harcba a bajnoki c\u00edm\u00e9rt. M\u00e1jus 23. \u00e9s 25. k\u00f6z\u00f6tt Ny\u00edregyh\u00e1z\u00e1n rendezik a dr. Kotsis Attil\u00e1n\u00e9 U15 Orsz\u00e1gos Bajnoks\u00e1g I. oszt\u00e1ly\u00e1nak d\u00f6nt\u0151j\u00e9t. [&hellip;]<\/p>\n","protected":false},"author":16,"featured_media":78912,"comment_status":"closed","ping_status":"closed","sticky":false,"template":"","format":"standard","meta":{"_acf_changed":false,"_et_pb_use_builder":"","_et_pb_old_content":"","_et_gb_content_width":"","footnotes":""},"categories":[35],"tags":[],"class_list":["post-78911","post","type-post","status-publish","format-standard","has-post-thumbnail","hentry","category-up"],"acf":[],"_links":{"self":[{"href":"https:\/\/hunvolley.hu\/index.php\/wp-json\/wp\/v2\/posts\/78911","targetHints":{"allow":["GET"]}}],"collection":[{"href":"https:\/\/hunvolley.hu\/index.php\/wp-json\/wp\/v2\/posts"}],"about":[{"href":"https:\/\/hunvolley.hu\/index.php\/wp-json\/wp\/v2\/types\/post"}],"author":[{"embeddable":true,"href":"https:\/\/hunvolley.hu\/index.php\/wp-json\/wp\/v2\/users\/16"}],"replies":[{"embeddable":true,"href":"https:\/\/hunvolley.hu\/index.php\/wp-json\/wp\/v2\/comments?post=78911"}],"version-history":[{"count":3,"href":"https:\/\/hunvolley.hu\/index.php\/wp-json\/wp\/v2\/posts\/78911\/revisions"}],"predecessor-version":[{"id":78936,"href":"https:\/\/hunvolley.hu\/index.php\/wp-json\/wp\/v2\/posts\/78911\/revisions\/78936"}],"wp:featuredmedia":[{"embeddable":true,"href":"https:\/\/hunvolley.hu\/index.php\/wp-json\/wp\/v2\/media\/78912"}],"wp:attachment":[{"href":"https:\/\/hunvolley.hu\/index.php\/wp-json\/wp\/v2\/media?parent=78911"}],"wp:term":[{"taxonomy":"category","embeddable":true,"href":"https:\/\/hunvolley.hu\/index.php\/wp-json\/wp\/v2\/categories?post=78911"},{"taxonomy":"post_tag","embeddable":true,"href":"https:\/\/hunvolley.hu\/index.php\/wp-json\/wp\/v2\/tags?post=78911"}],"curies":[{"name":"wp","href":"https:\/\/api.w.org\/{rel}","templated":true}]}}