{"id":75936,"date":"2024-09-04T17:14:31","date_gmt":"2024-09-04T15:14:31","guid":{"rendered":"https:\/\/hunvolley.hu\/?p=75936"},"modified":"2024-09-04T20:09:57","modified_gmt":"2024-09-04T18:09:57","slug":"issc-2024-olimpiai-bajnok-is-az-eloadok-kozott","status":"publish","type":"post","link":"https:\/\/hunvolley.hu\/index.php\/szovetseg\/issc-2024-olimpiai-bajnok-is-az-eloadok-kozott\/","title":{"rendered":"ISSC 2024: Olimpiai bajnok is az el\u0151ad\u00f3k k\u00f6z\u00f6tt!"},"content":{"rendered":"<p><strong>Zelinka Ildik\u00f3 \u00e9s F\u00fcl\u00f6p Tibor ut\u00e1n \u00fajabb el\u0151ad\u00f3kat ismerhet\u00fcnk meg a III. B\u00e9k\u00e9scsabai Nemzetk\u00f6zi Sporttudom\u00e1nyos Konferencia r\u00e9sztvev\u0151i k\u00f6z\u00fcl. Egyik\u00fck a B\u00e9k\u00e9s megyei illet\u0151s\u00e9g\u0171 olimpiai bajnok T\u00f3tka S\u00e1ndor, aki a sikerhez vezet\u0151 \u00fatr\u00f3l fog besz\u00e9lni, m\u00edg Dr. S\u00e1f\u00e1r S\u00e1ndor PhD. a Nemzeti Sport\u00fcgyn\u00f6ks\u00e9g Kiemelt Sportakad\u00e9mi\u00e1k \u00e9s Sportegyes\u00fcletek Igazgat\u00f3s\u00e1g\u00e1nak igazgat\u00f3ja az ut\u00e1np\u00f3tl\u00e1sk\u00e9pz\u00e9s \u00e1ltal\u00e1nos organikus sarokpontjair\u00f3l tart majd el\u0151ad\u00e1st, S\u00e1rk\u00e1ny Dominik pedig teljes\u00edtm\u00e9nypszichol\u00f3gusk\u00e9nt &#8222;A ment\u00e1lis egyens\u00faly \u00f6sszetev\u0151i t\u00e9thelyzetben&#8221; c\u00edm\u0171 prezent\u00e1ci\u00f3j\u00e1t mutatja majd be p\u00e9nteken a nagy\u00e9rdem\u0171nek.<\/strong><\/p>\n<p><img loading=\"lazy\" decoding=\"async\" class=\"size-full wp-image-75938\" src=\"https:\/\/hunvolley.hu\/wp-content\/uploads\/bcsaba1-1.jpg\" alt=\"\" width=\"1200\" height=\"800\" srcset=\"https:\/\/hunvolley.hu\/wp-content\/uploads\/bcsaba1-1.jpg 1200w, https:\/\/hunvolley.hu\/wp-content\/uploads\/bcsaba1-1-980x653.jpg 980w, https:\/\/hunvolley.hu\/wp-content\/uploads\/bcsaba1-1-480x320.jpg 480w\" sizes=\"(min-width: 0px) and (max-width: 480px) 480px, (min-width: 481px) and (max-width: 980px) 980px, (min-width: 981px) 1200px, 100vw\" \/><\/p>\n<p><strong>Az ISSC 2024 el\u0151ad\u00f3i: T\u00f3tka S\u00e1ndor<\/strong> &#8211; A B\u00e9k\u00e9s megyei illet\u0151s\u00e9g\u0171 olimpiai bajnok \u00e9s -ez\u00fcst\u00e9rmes, k\u00e9tszeres vil\u00e1g- \u00e9s \u00f6tsz\u00f6r\u00f6s Eur\u00f3pa-bajnok kajakoz\u00f3, T\u00f3tka S\u00e1ndor kiemelt szerepet kap a III. B\u00e9k\u00e9scsabai Nemzetk\u00f6zi Sporttudom\u00e1nyos Konferenci\u00e1n: nemcsak el\u0151ad\u00e1ssal \u00e9rkezik, hanem seg\u00e9dkezni fog a Magyar Kupa sorsol\u00e1s\u00e1n\u00e1l. Prezent\u00e1ci\u00f3j\u00e1ban a sikerhez vezet\u0151 \u00fatr\u00f3l fog besz\u00e9lni, amit igencsak j\u00f3l ismer, hiszen gyakorlatilag mindent megnyert, amit lehet. Az el\u0151ad\u00e1s\u00e1nak c\u00edme: \u201eAz arany \u00e1ra&#8221;<\/p>\n<p><img loading=\"lazy\" decoding=\"async\" class=\"alignnone size-full wp-image-75939\" src=\"https:\/\/hunvolley.hu\/wp-content\/uploads\/bcsaba2-e1725462789916.jpg\" alt=\"\" width=\"1200\" height=\"900\" srcset=\"https:\/\/hunvolley.hu\/wp-content\/uploads\/bcsaba2-980x735.jpg 980w, https:\/\/hunvolley.hu\/wp-content\/uploads\/bcsaba2-480x360.jpg 480w\" sizes=\"(min-width: 0px) and (max-width: 480px) 480px, (min-width: 481px) and (max-width: 980px) 980px, (min-width: 981px) 1200px, 100vw\" \/><\/p>\n<p><strong>Az ISSC el\u0151ad\u00f3i: Dr. S\u00e1f\u00e1r S\u00e1ndor PhD.<\/strong> &#8211; A Nemzeti Sport\u00fcgyn\u00f6ks\u00e9g Zrt-t (NS\u00dc) abb\u00f3l a c\u00e9lb\u00f3l hozt\u00e1k l\u00e9tre a k\u00f6zelm\u00faltban, hogy koordin\u00e1lja a haz\u00e1nkban megrendezett kiemelt sportesem\u00e9nyeket. 2022-t\u0151l a Honv\u00e9delmi Miniszt\u00e9rium Sport\u00e9rt Felel\u0151s \u00c1llamtitk\u00e1rs\u00e1g hatt\u00e9rint\u00e9zm\u00e9nyek\u00e9nt dr. Baji Bal\u00e1zs vez\u00e9rigazgat\u00f3-helyettes ir\u00e1ny\u00edt\u00e1s\u00e1val az NS\u00dc Sportszakmai \u00e9s Sportstrat\u00e9giai szakter\u00fclete koordin\u00e1lja k\u00e9t igazgat\u00f3s\u00e1gon kereszt\u00fcl a sportprogramokat. Dr. S\u00e1f\u00e1r S\u00e1ndor a Kiemelt Sportakad\u00e9mi\u00e1k \u00e9s Sportszervezetek igazgatja, kor\u00e1bban az EMMI miniszteri biztosak\u00e9nt tev\u00e9kenykedett. F\u0151 feladata az \u00e1llamilag elismert sportakad\u00e9mi\u00e1k \u00e9s a kiemelt sportegyes\u00fcletek m\u0171k\u00f6d\u00e9s\u00e9nek hat\u00e9konyabb\u00e1 t\u00e9tele. Emellett a Magyar Testnevel\u00e9si \u00e9s Sporttudom\u00e1nyi Egyetemen az Edz\u00e9selm\u00e9leti \u00e9s M\u00f3dszertani Kutat\u00f3 K\u00f6zpont egyetemi docense, kor\u00e1bban a Magyar Labdar\u00fag\u00f3 Sz\u00f6vets\u00e9gn\u00e9l v\u00e9gzett er\u0151nl\u00e9ti, tov\u00e1bb\u00e1 kutat\u00f3i \u00e9s oktat\u00f3i munk\u00e1t. El\u0151ad\u00e1s\u00e1nak c\u00edme: \u201eAz ut\u00e1np\u00f3tl\u00e1sk\u00e9pz\u00e9s \u00e1ltal\u00e1nos organikus sarokpontjai&#8221;<\/p>\n<p><img loading=\"lazy\" decoding=\"async\" class=\"alignnone size-full wp-image-75940\" src=\"https:\/\/hunvolley.hu\/wp-content\/uploads\/bcsaba3-e1725462844574.jpg\" alt=\"\" width=\"1200\" height=\"800\" srcset=\"https:\/\/hunvolley.hu\/wp-content\/uploads\/bcsaba3-980x653.jpg 980w, https:\/\/hunvolley.hu\/wp-content\/uploads\/bcsaba3-480x320.jpg 480w\" sizes=\"(min-width: 0px) and (max-width: 480px) 480px, (min-width: 481px) and (max-width: 980px) 980px, (min-width: 981px) 1200px, 100vw\" \/><\/p>\n<p><strong>Az ISSC 2024 el\u0151ad\u00f3i: S\u00e1rk\u00e1ny Dominik<\/strong> &#8211; S\u00e1rk\u00e1ny Dominik teljes\u00edtm\u00e9nypszichol\u00f3gusk\u00e9nt egy\u00e9ni, illetve csoportos fejleszt\u00e9seket val\u00f3s\u00edt meg (reziliencia, konfliktuskezel\u00e9s, teljes\u00edtm\u00e9nyszorong\u00e1s, \u00e9nhat\u00e9konys\u00e1g \u00e9s csapaton bel\u00fcli kommunik\u00e1ci\u00f3 t\u00e9mak\u00f6r\u00f6kben) a K\u00f6zponti Sport- \u00e9s Ifj\u00fas\u00e1gi Egyes\u00fcletben, valamint az \u00dajpest FC-ben. Kutat\u00f3k\u00e9nt tudom\u00e1nyos \u00e9rdekl\u0151d\u00e9s\u00e9nek f\u00f3kusz\u00e1ban a teljes\u00edtm\u00e9nyorient\u00e1lt tev\u00e9kenys\u00e9gek (sport, el\u0151ad\u00f3m\u0171v\u00e9szet, magas kock\u00e1zat\u00fa foglalkoz\u00e1sok) pszichol\u00f3giai alapjai, valamint az ezek k\u00f6z\u00f6tt l\u00e9trej\u00f6v\u0151 transzferhat\u00e1sok vizsg\u00e1lata \u00e1ll. A teljes\u00edtm\u00e9nypszichol\u00f3gus el\u0151ad\u00e1s\u00e1nak c\u00edme: \u201eA ment\u00e1lis egyens\u00faly \u00f6sszetev\u0151i t\u00e9thelyzetben&#8221;<\/p>\n<p>Regisztr\u00e1ci\u00f3 \u00e9s tov\u00e1bbi inform\u00e1ci\u00f3:<br \/>\n<a href=\"https:\/\/brse.hu\/konferencia\/\">https:\/\/brse.hu\/konferencia\/<\/a><\/p>\n","protected":false},"excerpt":{"rendered":"<p>Zelinka Ildik\u00f3 \u00e9s F\u00fcl\u00f6p Tibor ut\u00e1n \u00fajabb el\u0151ad\u00f3kat ismerhet\u00fcnk meg a III. B\u00e9k\u00e9scsabai Nemzetk\u00f6zi Sporttudom\u00e1nyos Konferencia r\u00e9sztvev\u0151i k\u00f6z\u00fcl. Egyik\u00fck a B\u00e9k\u00e9s megyei illet\u0151s\u00e9g\u0171 olimpiai bajnok T\u00f3tka S\u00e1ndor, aki a sikerhez [&hellip;]<\/p>\n","protected":false},"author":10,"featured_media":75937,"comment_status":"closed","ping_status":"closed","sticky":false,"template":"","format":"standard","meta":{"_acf_changed":false,"_et_pb_use_builder":"","_et_pb_old_content":"","_et_gb_content_width":"","footnotes":""},"categories":[41],"tags":[],"class_list":["post-75936","post","type-post","status-publish","format-standard","has-post-thumbnail","hentry","category-szovetseg"],"acf":[],"_links":{"self":[{"href":"https:\/\/hunvolley.hu\/index.php\/wp-json\/wp\/v2\/posts\/75936","targetHints":{"allow":["GET"]}}],"collection":[{"href":"https:\/\/hunvolley.hu\/index.php\/wp-json\/wp\/v2\/posts"}],"about":[{"href":"https:\/\/hunvolley.hu\/index.php\/wp-json\/wp\/v2\/types\/post"}],"author":[{"embeddable":true,"href":"https:\/\/hunvolley.hu\/index.php\/wp-json\/wp\/v2\/users\/10"}],"replies":[{"embeddable":true,"href":"https:\/\/hunvolley.hu\/index.php\/wp-json\/wp\/v2\/comments?post=75936"}],"version-history":[{"count":2,"href":"https:\/\/hunvolley.hu\/index.php\/wp-json\/wp\/v2\/posts\/75936\/revisions"}],"predecessor-version":[{"id":75943,"href":"https:\/\/hunvolley.hu\/index.php\/wp-json\/wp\/v2\/posts\/75936\/revisions\/75943"}],"wp:featuredmedia":[{"embeddable":true,"href":"https:\/\/hunvolley.hu\/index.php\/wp-json\/wp\/v2\/media\/75937"}],"wp:attachment":[{"href":"https:\/\/hunvolley.hu\/index.php\/wp-json\/wp\/v2\/media?parent=75936"}],"wp:term":[{"taxonomy":"category","embeddable":true,"href":"https:\/\/hunvolley.hu\/index.php\/wp-json\/wp\/v2\/categories?post=75936"},{"taxonomy":"post_tag","embeddable":true,"href":"https:\/\/hunvolley.hu\/index.php\/wp-json\/wp\/v2\/tags?post=75936"}],"curies":[{"name":"wp","href":"https:\/\/api.w.org\/{rel}","templated":true}]}}