{"id":75231,"date":"2017-10-14T07:23:00","date_gmt":"2017-10-14T05:23:00","guid":{"rendered":"https:\/\/hunvolley.hu\/index.php\/onkentes\/70-eves-a-nemzetkozi-roplabda-szovetseg\/"},"modified":"2017-10-14T07:23:00","modified_gmt":"2017-10-14T05:23:00","slug":"70-eves-a-nemzetkozi-roplabda-szovetseg","status":"publish","type":"post","link":"https:\/\/hunvolley.hu\/index.php\/archiv\/70-eves-a-nemzetkozi-roplabda-szovetseg\/","title":{"rendered":"70 \u00e9ves a Nemzetk\u00f6zi R\u00f6plabda Sz\u00f6vets\u00e9g"},"content":{"rendered":"<p><strong>1947-ben, 70 \u00e9vvel ezel\u0151tt P\u00e1rizsban alakult meg a Nemzetk\u00f6zi R\u00f6plabda Sz\u00f6vets\u00e9g, azaz a F\u00e9d\u00e9ration Internationale de Volleyball (FIVB). Az alap\u00edt\u00f3 14 orsz\u00e1g k\u00f6z\u00f6tt Magyarorsz\u00e1g is jelen volt, dr. Simai L\u00e1szl\u00f3 f\u0151titk\u00e1r k\u00e9pviselet\u00e9ben. A jeles \u00e9vfordul\u00f3 alkalm\u00e1b\u00f3l az alap\u00edt\u00e1s helysz\u00edn\u00e9n, P\u00e1rizsban \u00fcnnepelt az imm\u00e1r 222 tagot sz\u00e1ml\u00e1l\u00f3 vil\u00e1gszervezet, amely k\u00e9t \u00f6n\u00e1ll\u00f3 ny\u00e1ri olimpiai sport\u00e1g szervez\u00e9si feladatait l\u00e1tja el. Az \u00fcnnepi g\u00e1lavacsor\u00e1n \u2013 csak\u00fagy, mint 70 \u00e9ve \u2013 a Magyar R\u00f6plabda Sz\u00f6vets\u00e9g f\u0151titk\u00e1ra k\u00e9pviselte orsz\u00e1gunkat.<\/strong><\/p>\n<p>&nbsp;<\/p>\n<p><em>\u201eNagy megtiszteltet\u00e9s, hogy a jelenlegi legnagyobb tagl\u00e9tsz\u00e1mot felmutatni k\u00e9pes nemzetk\u00f6zi sportszervezet alap\u00edt\u00f3 orsz\u00e1gak\u00e9nt tekintenek r\u00e1nk, s az elm\u00falt 70 \u00e9vben sz\u00e1mos egy\u00e9b tett\u00fcnkkel is hozz\u00e1j\u00e1rultunk a modern r\u00f6plabd\u00e1z\u00e1s megteremt\u00e9s\u00e9hez.<\/em> \u2013 nyilatkozta <strong>Ludvig Zsolt<\/strong>, MRSZ F\u0151titk\u00e1r. \u2013 <em>Legnagyobb hat\u00e1ssal term\u00e9szetesen dr. Holvay Endre volt a sport\u00e1gra, aki 1955-t\u0151l t\u00f6lt\u00f6tt be jelent\u0151s poz\u00edci\u00f3kat az FIVB \u00e9let\u00e9ben, eg\u00e9szen 2006-ig. De fontos megeml\u00edten\u00fcnk a sport\u00e1g els\u0151 olimpi\u00e1j\u00e1n szerepl\u0151 f\u00e9rfi-, s a h\u00e1rom olimpi\u00e1n sikeres n\u0151i v\u00e1logatottunkat. A nemzetk\u00f6zi j\u00e1t\u00e9kvezet\u0151i tev\u00e9kenys\u00e9g\u00fcnk is jelent\u0151s, el\u00e9g csak H\u00f3bor B\u00e9l\u00e1ra, a londoni olimpia f\u00e9rfi d\u00f6nt\u0151j\u00e9nek els\u0151 sz\u00e1m\u00fa j\u00e1t\u00e9kvezet\u0151j\u00e9re gondolni, s jelenleg is t\u00f6bb s\u00edpmester kap fontos k\u00fcld\u00e9seket az FIVB versenysorozataiba. A vezet\u0151i szinteken jelenleg nincs ugyan k\u00e9pviselete haz\u00e1nknak, de Herpai L\u00e1szl\u00f3 1994 \u00f3ta megbecs\u00fclt tagja a J\u00e1t\u00e9kszab\u00e1ly bizotts\u00e1gnak, amely tavaly \u00f3ta osszevon\u00e1sra ker\u00fclt a J\u00e1t\u00e9kvezet\u0151i bizotts\u00e1ggal. A jelen legnagyobb eredm\u00e9nye term\u00e9szetesen a n\u0151i v\u00e1logatott idei World Grand Prix sikere, amely \u00fajra a magyar r\u00f6plabd\u00e1z\u00e1sra ir\u00e1ny\u00edtotta a figyelmet. M\u00e1r a nevez\u00e9skor \u00e9rezhet\u0151 volt, hogy mennyire \u00f6r\u00fclnek az FIVB berkein bel\u00fcl, hogy \u00fajra tal\u00e1lkozhatnak magyar versenyz\u0151kkel a vil\u00e1gesem\u00e9nyeken, s gy\u0151zelm\u00fcnkkel tov\u00e1bbi elismer\u00e9st siker\u00fclt el\u00e9rni.\u201d<\/em><\/p>\n<div id=\"attachment_7065\" style=\"width: 650px\" class=\"wp-caption aligncenter\"><img loading=\"lazy\" decoding=\"async\" aria-describedby=\"caption-attachment-7065\" class=\"wp-image-7065 size-large\" src=\"http:\/\/hunvolley.hu\/wp-content\/uploads\/2017\/10\/FIVB_IMG_20171013_151447-1024x579.jpg\" alt=\"\" width=\"640\" height=\"362\" \/><p id=\"caption-attachment-7065\" class=\"wp-caption-text\">dav<\/p><\/div>\n<p>A g\u00e1lavacsora keret\u00e9ben ker\u00fclt bejelent\u00e9sre a m\u00e1r kor\u00e1bban is tervezett v\u00e1ltoztat\u00e1s a vil\u00e1gliga versenysorozat\u00e1ban, mely a k\u00f6vetkez\u0151 szezont\u00f3l a \u201eVolleyball Nations League\u201d elnevez\u00e9st haszn\u00e1lja mind a f\u00e9rfiak, mind a n\u0151k eset\u00e9ben.<\/p>\n<p>Vide\u00f3: <a href=\"https:\/\/www.youtube.com\/watch?time_continue=57&amp;v=kQRP0gilmGc\">https:\/\/www.youtube.com\/watch?time_continue=57&amp;v=kQRP0gilmGc<\/a><\/p>\n<p>&nbsp;<\/p>\n<p><img loading=\"lazy\" decoding=\"async\" class=\"alignleft wp-image-7066 size-medium\" src=\"http:\/\/hunvolley.hu\/wp-content\/uploads\/2017\/10\/FIVB_GalleryPic-200x300.jpg\" alt=\"\" width=\"200\" height=\"300\" \/>A \u201eR\u00f6plabda Nemzetek Lig\u00e1ja\u201d vil\u00e1gszinten 16-16 orsz\u00e1g v\u00e1logatottj\u00e1nak ad versenyz\u00e9si lehet\u0151s\u00e9get, s imm\u00e1r az is eld\u0151lt, hogy a kvalifik\u00e1l\u00f3, az FIVB versenybe t\u00f6rt\u00e9n\u0151 bekapcsol\u00f3d\u00e1shoz lehet\u0151s\u00e9get ny\u00fajt\u00f3 versenysorozat az Eur\u00f3pai R\u00f6plabda Konf\u00f6der\u00e1ci\u00f3 (CEV) \u00e1ltal rendezett Eur\u00f3pa Liga lesz, melybe az el\u0151zetesen elfogadott MRSZ eln\u00f6ks\u00e9gi d\u00f6nt\u00e9s \u00e9rtelm\u00e9ben mind a f\u00e9rfi-, mind a sorozatot 2015-ben megnyer\u0151 n\u0151i v\u00e1logatott be lesz nevezve. A lebonyol\u00edt\u00e1st\u00f3l f\u00fcgg\u0151en az Eur\u00f3pa Lig\u00e1t a 2019. \u00e9vi EB rendez\u00e9s tesztversenyek\u00e9nt is szeretn\u00e9 haszn\u00e1lni az MRSZ.<\/p>\n<p><em>\u201eRendk\u00edv\u00fcl mozgalmas k\u00e9t \u00e9v el\u0151tt \u00e1ll a Magyar R\u00f6plabda Sz\u00f6vets\u00e9g, hisz a v\u00e1logatottjaink versenyeztet\u00e9si k\u00f6r\u00fclm\u00e9nyeinek biztos\u00edt\u00e1sa mellett a TAO t\u00e1mogat\u00e1s kezel\u00e9se, valamint a szakmai, strat\u00e9giai fejleszt\u00e9si tervek megval\u00f3s\u00edt\u00e1sa is nagy feladat. Nagyon b\u00edzom benne, hogy meg fogunk felelni a kih\u00edv\u00e1soknak \u00e9s a magyar r\u00f6plabd\u00e1z\u00e1s \u2013 m\u00e9lt\u00f3n a m\u00faltban \u00e9s jelenleg el\u00e9rt sikereihez \u2013 \u00fajra jelent\u0151s szerepet fog bet\u00f6lteni a hazai \u00e9s a nemzetk\u00f6zi sport\u00e9letben.\u201d<\/em> \u2013 z\u00e1rta gondolatait Ludvig Zsolt.<\/p>\n","protected":false},"excerpt":{"rendered":"<p>1947-ben, 70 \u00e9vvel ezel\u0151tt P\u00e1rizsban alakult meg a Nemzetk\u00f6zi R\u00f6plabda Sz\u00f6vets\u00e9g, azaz a F\u00e9d\u00e9ration Internationale de Volleyball (FIVB). Az alap\u00edt\u00f3 14 orsz\u00e1g k\u00f6z\u00f6tt Magyarorsz\u00e1g is jelen volt, dr. Simai L\u00e1szl\u00f3 [&hellip;]<\/p>\n","protected":false},"author":2,"featured_media":57126,"comment_status":"closed","ping_status":"closed","sticky":false,"template":"","format":"standard","meta":{"_acf_changed":false,"_et_pb_use_builder":"","_et_pb_old_content":"","_et_gb_content_width":"","footnotes":""},"categories":[126,132],"tags":[],"class_list":["post-75231","post","type-post","status-publish","format-standard","has-post-thumbnail","hentry","category-archiv","category-egyeb-2022-elottrol"],"acf":[],"_links":{"self":[{"href":"https:\/\/hunvolley.hu\/index.php\/wp-json\/wp\/v2\/posts\/75231","targetHints":{"allow":["GET"]}}],"collection":[{"href":"https:\/\/hunvolley.hu\/index.php\/wp-json\/wp\/v2\/posts"}],"about":[{"href":"https:\/\/hunvolley.hu\/index.php\/wp-json\/wp\/v2\/types\/post"}],"author":[{"embeddable":true,"href":"https:\/\/hunvolley.hu\/index.php\/wp-json\/wp\/v2\/users\/2"}],"replies":[{"embeddable":true,"href":"https:\/\/hunvolley.hu\/index.php\/wp-json\/wp\/v2\/comments?post=75231"}],"version-history":[{"count":0,"href":"https:\/\/hunvolley.hu\/index.php\/wp-json\/wp\/v2\/posts\/75231\/revisions"}],"wp:featuredmedia":[{"embeddable":true,"href":"https:\/\/hunvolley.hu\/index.php\/wp-json\/wp\/v2\/media\/57126"}],"wp:attachment":[{"href":"https:\/\/hunvolley.hu\/index.php\/wp-json\/wp\/v2\/media?parent=75231"}],"wp:term":[{"taxonomy":"category","embeddable":true,"href":"https:\/\/hunvolley.hu\/index.php\/wp-json\/wp\/v2\/categories?post=75231"},{"taxonomy":"post_tag","embeddable":true,"href":"https:\/\/hunvolley.hu\/index.php\/wp-json\/wp\/v2\/tags?post=75231"}],"curies":[{"name":"wp","href":"https:\/\/api.w.org\/{rel}","templated":true}]}}