{"id":74669,"date":"2021-06-28T07:58:00","date_gmt":"2021-06-28T05:58:00","guid":{"rendered":"https:\/\/hunvolley.hu\/index.php\/onkentes\/jotekonysagi-licit-a-ferfi-es-a-noi-valogatott-altal-dedikalt-mezert\/"},"modified":"2024-05-24T16:46:43","modified_gmt":"2024-05-24T14:46:43","slug":"jotekonysagi-licit-a-ferfi-es-a-noi-valogatott-altal-dedikalt-mezert","status":"publish","type":"post","link":"https:\/\/hunvolley.hu\/index.php\/archiv\/jotekonysagi-licit-a-ferfi-es-a-noi-valogatott-altal-dedikalt-mezert\/","title":{"rendered":"J\u00f3t\u00e9konys\u00e1gi licit a f\u00e9rfi \u00e9s a n\u0151i v\u00e1logatott \u00e1ltal dedik\u00e1lt mez\u00e9rt"},"content":{"rendered":"<p><strong>J\u00f3t\u00e9konys\u00e1gi akci\u00f3hoz csatlakozott a Magyar R\u00f6plabda Sz\u00f6vets\u00e9g \u00e9s a r\u00f6plabda-v\u00e1logatott. A Nem Adom Fel Alap\u00edtv\u00e1ny akci\u00f3j\u00e1ban v\u00e1llalt szerepet a sport\u00e1g, azzal, hogy felaj\u00e1nlott egy kuri\u00f3zumsz\u00e1mba men\u0151, a f\u00e9rfi \u00e9s n\u0151i v\u00e1logatott \u00e1ltal egyar\u00e1nt dedik\u00e1lt mezt az alap\u00edtv\u00e1ny jav\u00e1ra egy j\u00f3t\u00e9konys\u00e1gi licitre. A mezt n\u0151i v\u00e1logatottunk kit\u0171n\u0151s\u00e9ge, N\u00e9meth Anett adta \u00e1t az alap\u00edtv\u00e1ny k\u00e9pvisel\u0151inek az MRSZ irod\u00e1j\u00e1ban.<\/strong><\/p>\n<p>&nbsp;<\/p>\n<p><img loading=\"lazy\" decoding=\"async\" class=\"alignleft wp-image-29473 size-medium\" src=\"http:\/\/hunvolley.hu\/wp-content\/uploads\/2021\/06\/nem-adom-fel-3-mez-225x300.jpg\" alt=\"\" width=\"225\" height=\"300\" \/>A <strong>Nem Adom Fel Alap\u00edtv\u00e1nyt<\/strong> 15 \u00e9ve hozt\u00e1k l\u00e9tre, de akkor m\u00e9g csak egyszem\u00e9lyes alap\u00edtv\u00e1nyk\u00e9nt m\u0171k\u00f6d\u00f6tt, azonban az elm\u00falt \u00e9vtized sor\u00e1n m\u00e1r egy t\u00f6bb mint k\u00e9tsz\u00e1z f\u0151t foglalkoztat\u00f3 szervezett\u00e9 n\u0151tte ki mag\u00e1t, amely a fogyat\u00e9koss\u00e1gok minden ter\u00fclet\u00e9t igyekszik lefedni, s mindenkin igyekeznek seg\u00edteni. Az alap\u00edtv\u00e1ny sz\u00e1mos programot ind\u00edtott, saj\u00e1t k\u00f3rusuk \u2013 a NEMADOMFEL Egy\u00fcttes \u00e9s NEVER GIVE UP Gospel \u2013 is van \u00e9s Budapesten els\u0151k\u00e9nt \u0151k nyitottak meg egy olyan k\u00e1v\u00e9z\u00f3t, amelyben megv\u00e1ltozott munkak\u00e9pess\u00e9g\u0171 szem\u00e9lyek dolgoznak.<\/p>\n<p>Mostani akci\u00f3jukba sz\u00e1mos olimpiai sport\u00e1gat \u00e9s olimpikont vontak be. Neves sportol\u00f3kt\u00f3l \u00e9s v\u00e1logatottakt\u00f3l k\u00e9rtek relikvi\u00e1kat, amelyeket egy j\u00f3t\u00e9konys\u00e1gi \u00e1rver\u00e9s sor\u00e1n \u00e9rt\u00e9kes\u00edtenek, s a bev\u00e9telt fogyat\u00e9kos szem\u00e9lyek <strong>t\u00e1mogatott lakhat\u00e1s\u00e1ra<\/strong> ford\u00edtj\u00e1k.<\/p>\n<p>Az akci\u00f3hoz eddig olyan neves sportol\u00f3k csatlakoztak, mint a vil\u00e1gbajnok \u00fasz\u00f3, Kap\u00e1s Bogl\u00e1rka, az olimpiai bajnok v\u00edv\u00f3 Sz\u00e1sz-Kov\u00e1cs Emese, a vitorl\u00e1z\u00f3 olimpikon \u00c9rdi M\u00e1ria, a kenus Balla Vir\u00e1g, a sportl\u00f6v\u0151 Miskolczi Julianna \u00e9s Pekler Zal\u00e1n, vagy p\u00e9ld\u00e1ul a n\u0151i k\u00e9zilabda-v\u00e1logatott.<\/p>\n<p><img loading=\"lazy\" decoding=\"async\" class=\"alignright wp-image-29474 size-medium\" src=\"http:\/\/hunvolley.hu\/wp-content\/uploads\/2021\/06\/nem-adom-fel-4-mez-es-molinok-300x225.jpg\" alt=\"\" width=\"300\" height=\"225\" \/>Ehhez az akci\u00f3hoz csatlakozott az MRSZ is, hiszen a Magyar R\u00f6plabda Sz\u00f6vets\u00e9gnek <strong>fontos a t\u00e1rsadalmi felel\u0151ss\u00e9gv\u00e1llal\u00e1s<\/strong>. A sz\u00f6vets\u00e9g egy olyan mezt aj\u00e1nlott fel j\u00f3t\u00e9konys\u00e1gi licitre, amelyet az Eur\u00f3pa-bajnoks\u00e1gra k\u00e9sz\u00fcl\u0151 n\u0151i \u00e9s az Eur\u00f3pa Lig\u00e1ban bronz\u00e9rmet szerz\u0151 f\u00e9rfiv\u00e1logatott tagjai is egyar\u00e1nt al\u00e1\u00edrtak, ami kuri\u00f3zumsz\u00e1mba megy.<\/p>\n<p>A mezt az MRSZ irod\u00e1j\u00e1ban n\u0151i v\u00e1logatottunk egyik er\u0151ss\u00e9ge, a 2018-as Eur\u00f3pa Lig\u00e1ban ez\u00fcst\u00e9rmet szerz\u0151, 2019-ben pedig Eb-r\u00e9sztvev\u0151 \u00e9s Universiade-negyedik, az egyetemi vil\u00e1gj\u00e1t\u00e9kok legeredm\u00e9nyesebb j\u00e1t\u00e9kosa c\u00edmet is ki\u00e9rdeml\u0151 <strong>N\u00e9meth Anett<\/strong> adta \u00e1t.<\/p>\n<p>Az online-licit \u2013 amely majd a facebookon lesz el\u00e9rhet\u0151 \u2013 el\u0151rel\u00e1that\u00f3lag augusztus elej\u00e9n kezd\u0151dik, s annak r\u00e9szleteir\u0151l term\u00e9szetesen honlapunkon \u00e9s facebook-oldalunkon is besz\u00e1molunk majd.<\/p>\n<p>&nbsp;<\/p>\n","protected":false},"excerpt":{"rendered":"<p>J\u00f3t\u00e9konys\u00e1gi akci\u00f3hoz csatlakozott a Magyar R\u00f6plabda Sz\u00f6vets\u00e9g \u00e9s a r\u00f6plabda-v\u00e1logatott. A Nem Adom Fel Alap\u00edtv\u00e1ny akci\u00f3j\u00e1ban v\u00e1llalt szerepet a sport\u00e1g, azzal, hogy felaj\u00e1nlott egy kuri\u00f3zumsz\u00e1mba men\u0151, a f\u00e9rfi \u00e9s n\u0151i [&hellip;]<\/p>\n","protected":false},"author":2,"featured_media":71936,"comment_status":"closed","ping_status":"closed","sticky":false,"template":"","format":"standard","meta":{"_acf_changed":false,"_et_pb_use_builder":"","_et_pb_old_content":"","_et_gb_content_width":"","footnotes":""},"categories":[126,131],"tags":[],"class_list":["post-74669","post","type-post","status-publish","format-standard","has-post-thumbnail","hentry","category-archiv","category-szovetseg-2022-elottrol"],"acf":[],"_links":{"self":[{"href":"https:\/\/hunvolley.hu\/index.php\/wp-json\/wp\/v2\/posts\/74669","targetHints":{"allow":["GET"]}}],"collection":[{"href":"https:\/\/hunvolley.hu\/index.php\/wp-json\/wp\/v2\/posts"}],"about":[{"href":"https:\/\/hunvolley.hu\/index.php\/wp-json\/wp\/v2\/types\/post"}],"author":[{"embeddable":true,"href":"https:\/\/hunvolley.hu\/index.php\/wp-json\/wp\/v2\/users\/2"}],"replies":[{"embeddable":true,"href":"https:\/\/hunvolley.hu\/index.php\/wp-json\/wp\/v2\/comments?post=74669"}],"version-history":[{"count":1,"href":"https:\/\/hunvolley.hu\/index.php\/wp-json\/wp\/v2\/posts\/74669\/revisions"}],"predecessor-version":[{"id":74774,"href":"https:\/\/hunvolley.hu\/index.php\/wp-json\/wp\/v2\/posts\/74669\/revisions\/74774"}],"wp:featuredmedia":[{"embeddable":true,"href":"https:\/\/hunvolley.hu\/index.php\/wp-json\/wp\/v2\/media\/71936"}],"wp:attachment":[{"href":"https:\/\/hunvolley.hu\/index.php\/wp-json\/wp\/v2\/media?parent=74669"}],"wp:term":[{"taxonomy":"category","embeddable":true,"href":"https:\/\/hunvolley.hu\/index.php\/wp-json\/wp\/v2\/categories?post=74669"},{"taxonomy":"post_tag","embeddable":true,"href":"https:\/\/hunvolley.hu\/index.php\/wp-json\/wp\/v2\/tags?post=74669"}],"curies":[{"name":"wp","href":"https:\/\/api.w.org\/{rel}","templated":true}]}}