{"id":73406,"date":"2021-12-19T09:56:00","date_gmt":"2021-12-19T08:56:00","guid":{"rendered":"https:\/\/hunvolley.hu\/index.php\/onkentes\/aleksandar-boricic-koszontoje-a-magyar-roplabda-szovetseg-alapitasanak-75-evforduloja-alkalmabol\/"},"modified":"2024-05-24T16:46:49","modified_gmt":"2024-05-24T14:46:49","slug":"aleksandar-boricic-koszontoje-a-magyar-roplabda-szovetseg-alapitasanak-75-evforduloja-alkalmabol","status":"publish","type":"post","link":"https:\/\/hunvolley.hu\/index.php\/archiv\/aleksandar-boricic-koszontoje-a-magyar-roplabda-szovetseg-alapitasanak-75-evforduloja-alkalmabol\/","title":{"rendered":"Aleksandar Bori\u010di\u0107 k\u00f6sz\u00f6nt\u0151je a Magyar R\u00f6plabda Sz\u00f6vets\u00e9g alap\u00edt\u00e1s\u00e1nak 75. \u00e9vfordul\u00f3ja alkalm\u00e1b\u00f3l"},"content":{"rendered":"<p><strong>Az Eur\u00f3pai R\u00f6plabda Sz\u00f6vets\u00e9g eln\u00f6ke video\u00fczenetben k\u00f6sz\u00f6nt\u00f6tte az alap\u00edt\u00e1s\u00e1nak 75. \u00e9vfordul\u00f3j\u00e1t \u00fcnnepl\u0151 magyar sz\u00f6vets\u00e9get.<\/strong><\/p>\n<p><em>&#8222;A magyar sport adta az egyik els\u0151 p\u00e9ldak\u00e9pemet. Tal\u00e1n k\u00fcl\u00f6n\u00f6sen hangzik, de egy bokszol\u00f3 volt az, Papp L\u00e1szl\u00f3. M\u00e1sodszor pedig, sz\u00e1momra nagyon fontos csapat volt a Budapesti Honv\u00e9d labdar\u00fag\u00f3csapat\u00e1. Rengeteg kiv\u00e1l\u00f3 j\u00e1t\u00e9kos volt ott akkor. Az elej\u00e9n nekem \u0151k jelentett\u00e9k a magyar sportot. Akkoriban igazi sportnemzetnem sz\u00e1m\u00edtott Magyarorsz\u00e1g, sok sport\u00e1gban voltak vil\u00e1g-, Eur\u00f3pa- \u00e9s olimpiai bajnok versenyz\u0151i, de az az egy sportol\u00f3 \u00e9s az az egy csapat mutatta meg nekem, hogy hogyan is lehet sikeres \u00e9s n\u00e9pszer\u0171 maga a sport.<\/em><\/p>\n<p><em>Ami a r\u00f6plabd\u00e1t illeti, 1964-ben, amikor bemutatkozott az olimpi\u00e1n, a magyar v\u00e1logatott ott volt Toki\u00f3ban. Az egy nagyon er\u0151s csapat volt, r\u00e1ad\u00e1sul Tat\u00e1r Mih\u00e1ly abban az id\u0151ben a vil\u00e1g egyik legjobb j\u00e1t\u00e9kos\u00e1nak sz\u00e1m\u00edtott. A magyar n\u0151i v\u00e1logatott pedig t\u00f6bb Eur\u00f3pa-bajnoki \u00e9rmet is nyert \u2013 ezek mutatj\u00e1k, hogy Magyarorsz\u00e1g meghat\u00e1roz\u00f3 szerepet t\u00f6lt\u00f6tt be a r\u00f6plabdasportban.<\/em><\/p>\n<p><em>Majd sz\u00fcnet k\u00f6vetkezett. \u00c9vekig nem jutottak ki nemzetk\u00f6zi torn\u00e1kra, tal\u00e1n gondjaik voltak, de Kov\u00e1cs Ferenc eln\u00f6ks\u00e9ge alatt visszat\u00e9rtek Eur\u00f3pa \u00e9s a vil\u00e1g r\u00f6plabdasportj\u00e1nak esem\u00e9nyeire, versenyeire, szervezetibe \u00e9s akt\u00edvan kiveszik a r\u00e9sz\u00fcket. T\u00e1rsszervez\u0151i voltak a 2019-es Eb-nek, eur\u00f3pai d\u00edj\u00e1tad\u00f3t rendeztek, amin a legjobb sportol\u00f3k \u00e9s szakvezet\u0151k is megjelentek.<\/em><\/p>\n<p><em>De nem arr\u00f3l szeretn\u00e9k besz\u00e9lni, hogy mi t\u00f6rt\u00e9nt a m\u00faltban, hiszen jelenleg is nagyon akt\u00edvak, \u00e9s nagyon boldog vagyok, hogy az Eur\u00f3pai R\u00f6plabda Sz\u00f6vets\u00e9g eln\u00f6ks\u00e9ge december 18-19-\u00e9n Budapesten \u00fcl\u00e9sezik, ahol nagyon fontos, az eur\u00f3pai r\u00f6plabd\u00e1z\u00e1st \u00e9rint\u0151 k\u00e9rd\u00e9sekben hozunk d\u00f6nt\u00e9seket. Szeretn\u00e9nk egy\u00fctt kifejezni tisztelet\u00fcnket a magyar r\u00f6plabda sz\u00f6vets\u00e9g alap\u00edt\u00e1s\u00e1nak \u00e9vfordul\u00f3ja alkalm\u00e1b\u00f3l, amit a magyar sz\u00f6vets\u00e9g m\u00e9lt\u00f3k\u00e9ppen szeretne meg\u00fcnnepelni. L\u00e1tni kell, hogy a sport\u00e1g m\u00faltja val\u00f3ban nagyszer\u0171, de azon kell dolgoznunk, hogy a k\u00f6zelj\u00f6v\u0151ben a magyar r\u00f6plabdasport \u00faj esem\u00e9nyeket rendezhessen \u00e9s \u00fajra kiemelked\u0151 eredm\u00e9nyeket \u00e9rjen el a sport\u00e1gban.&#8221;<\/em><\/p>\n","protected":false},"excerpt":{"rendered":"<p>Az Eur\u00f3pai R\u00f6plabda Sz\u00f6vets\u00e9g eln\u00f6ke video\u00fczenetben k\u00f6sz\u00f6nt\u00f6tte az alap\u00edt\u00e1s\u00e1nak 75. \u00e9vfordul\u00f3j\u00e1t \u00fcnnepl\u0151 magyar sz\u00f6vets\u00e9get. &#8222;A magyar sport adta az egyik els\u0151 p\u00e9ldak\u00e9pemet. Tal\u00e1n k\u00fcl\u00f6n\u00f6sen hangzik, de egy bokszol\u00f3 volt az, [&hellip;]<\/p>\n","protected":false},"author":2,"featured_media":73408,"comment_status":"closed","ping_status":"closed","sticky":false,"template":"","format":"standard","meta":{"_acf_changed":false,"_et_pb_use_builder":"","_et_pb_old_content":"","_et_gb_content_width":"","footnotes":""},"categories":[126,131],"tags":[],"class_list":["post-73406","post","type-post","status-publish","format-standard","has-post-thumbnail","hentry","category-archiv","category-szovetseg-2022-elottrol"],"acf":[],"_links":{"self":[{"href":"https:\/\/hunvolley.hu\/index.php\/wp-json\/wp\/v2\/posts\/73406","targetHints":{"allow":["GET"]}}],"collection":[{"href":"https:\/\/hunvolley.hu\/index.php\/wp-json\/wp\/v2\/posts"}],"about":[{"href":"https:\/\/hunvolley.hu\/index.php\/wp-json\/wp\/v2\/types\/post"}],"author":[{"embeddable":true,"href":"https:\/\/hunvolley.hu\/index.php\/wp-json\/wp\/v2\/users\/2"}],"replies":[{"embeddable":true,"href":"https:\/\/hunvolley.hu\/index.php\/wp-json\/wp\/v2\/comments?post=73406"}],"version-history":[{"count":1,"href":"https:\/\/hunvolley.hu\/index.php\/wp-json\/wp\/v2\/posts\/73406\/revisions"}],"predecessor-version":[{"id":73407,"href":"https:\/\/hunvolley.hu\/index.php\/wp-json\/wp\/v2\/posts\/73406\/revisions\/73407"}],"wp:featuredmedia":[{"embeddable":true,"href":"https:\/\/hunvolley.hu\/index.php\/wp-json\/wp\/v2\/media\/73408"}],"wp:attachment":[{"href":"https:\/\/hunvolley.hu\/index.php\/wp-json\/wp\/v2\/media?parent=73406"}],"wp:term":[{"taxonomy":"category","embeddable":true,"href":"https:\/\/hunvolley.hu\/index.php\/wp-json\/wp\/v2\/categories?post=73406"},{"taxonomy":"post_tag","embeddable":true,"href":"https:\/\/hunvolley.hu\/index.php\/wp-json\/wp\/v2\/tags?post=73406"}],"curies":[{"name":"wp","href":"https:\/\/api.w.org\/{rel}","templated":true}]}}