{"id":72363,"date":"2021-08-13T18:31:00","date_gmt":"2021-08-13T16:31:00","guid":{"rendered":"https:\/\/hunvolley.hu\/index.php\/onkentes\/rangos-vilagversenyek-varnak-jatekvezetoinkre\/"},"modified":"2024-05-24T16:46:44","modified_gmt":"2024-05-24T14:46:44","slug":"rangos-vilagversenyek-varnak-jatekvezetoinkre","status":"publish","type":"post","link":"https:\/\/hunvolley.hu\/index.php\/archiv\/rangos-vilagversenyek-varnak-jatekvezetoinkre\/","title":{"rendered":"Rangos vil\u00e1gversenyek v\u00e1rnak j\u00e1t\u00e9kvezet\u0151inkre"},"content":{"rendered":"<p><strong>Nemcsak n\u0151i v\u00e1logatottunk, hanem j\u00e1t\u00e9kvezet\u0151ink is k\u00e9sz\u00fclnek az Eur\u00f3pa-bajnoki megm\u00e9rettet\u00e9sekre, illetve m\u00e1s vil\u00e1gversenyekre.<\/strong><\/p>\n<p>&nbsp;<\/p>\n<p>H\u00e1rom j\u00e1t\u00e9kvezet\u0151nk is rangos megb\u00edz\u00e1st kapott az elk\u00f6vetkez\u0151 hetekre: <strong>B\u00e1tkai-Katona \u00c1gnes<\/strong> az augusztus 18-\u00e1n rajtol\u00f3 bolg\u00e1r-horv\u00e1t-rom\u00e1n-szerb feln\u0151tt n\u0151i Eur\u00f3pa-bajnoks\u00e1g szerbiai \u00e1llom\u00e1s\u00e1n, Belgr\u00e1dban fog k\u00f6zrem\u0171k\u00f6dni.<\/p>\n<p><strong>Adler L\u00e1szl\u00f3<\/strong> a cseh-\u00e9szt-finn-lengyel k\u00f6z\u00f6s rendez\u00e9s\u0171 f\u00e9rfi Eur\u00f3pa-bajnok\u00e1gra kapott megh\u00edv\u00e1st. A szeptember 1. \u00e9s 19. k\u00f6z\u00f6tt esed\u00e9kes kontinenstorn\u00e1n el\u0151sz\u00f6r az \u00e9szt f\u0151v\u00e1rosban, Tallinban kezdi meg tev\u00e9kenyked\u00e9s\u00e9t, majd a csehorsz\u00e1gi Ostrav\u00e1ba utazik a negyed d\u00f6nt\u0151 meccseire.<\/p>\n<p>A harmadik j\u00e1t\u00e9kvezet\u0151, <strong>Hal\u00e1sz Tibor<\/strong> az augusztus 24-t\u0151l szeptember 2-ig Ir\u00e1nban, eg\u00e9szen pontosan Teher\u00e1nban rendezend\u0151 U19-es fi\u00fa vil\u00e1gbajnoks\u00e1gon tev\u00e9kenykedik majd.<\/p>\n<p>\u00c9s ha ehhez hozz\u00e1tessz\u00fck azt is, hogy <strong>dr. \u00c1rp\u00e1s Krisztina<\/strong> \u2013 <a href=\"https:\/\/hunvolley.hu\/?p=28892\">amint arr\u00f3l m\u00e1r kor\u00e1bban besz\u00e1moltunk<\/a> \u2013 a toki\u00f3i paralimpi\u00e1n vezet majd m\u00e9rk\u0151z\u00e9seket, mindenk\u00e9ppen elmondhatjuk, hogy a magyar j\u00e1t\u00e9kvezet\u0151k komoly megbecs\u00fcl\u00e9snek \u00f6rvendenek.<\/p>\n<p>&nbsp;<\/p>\n","protected":false},"excerpt":{"rendered":"<p>Nemcsak n\u0151i v\u00e1logatottunk, hanem j\u00e1t\u00e9kvezet\u0151ink is k\u00e9sz\u00fclnek az Eur\u00f3pa-bajnoki megm\u00e9rettet\u00e9sekre, illetve m\u00e1s vil\u00e1gversenyekre. &nbsp; H\u00e1rom j\u00e1t\u00e9kvezet\u0151nk is rangos megb\u00edz\u00e1st kapott az elk\u00f6vetkez\u0151 hetekre: B\u00e1tkai-Katona \u00c1gnes az augusztus 18-\u00e1n rajtol\u00f3 bolg\u00e1r-horv\u00e1t-rom\u00e1n-szerb [&hellip;]<\/p>\n","protected":false},"author":2,"featured_media":44351,"comment_status":"closed","ping_status":"closed","sticky":false,"template":"","format":"standard","meta":{"_acf_changed":false,"_et_pb_use_builder":"","_et_pb_old_content":"","_et_gb_content_width":"","footnotes":""},"categories":[126,131],"tags":[],"class_list":["post-72363","post","type-post","status-publish","format-standard","has-post-thumbnail","hentry","category-archiv","category-szovetseg-2022-elottrol"],"acf":[],"_links":{"self":[{"href":"https:\/\/hunvolley.hu\/index.php\/wp-json\/wp\/v2\/posts\/72363","targetHints":{"allow":["GET"]}}],"collection":[{"href":"https:\/\/hunvolley.hu\/index.php\/wp-json\/wp\/v2\/posts"}],"about":[{"href":"https:\/\/hunvolley.hu\/index.php\/wp-json\/wp\/v2\/types\/post"}],"author":[{"embeddable":true,"href":"https:\/\/hunvolley.hu\/index.php\/wp-json\/wp\/v2\/users\/2"}],"replies":[{"embeddable":true,"href":"https:\/\/hunvolley.hu\/index.php\/wp-json\/wp\/v2\/comments?post=72363"}],"version-history":[{"count":1,"href":"https:\/\/hunvolley.hu\/index.php\/wp-json\/wp\/v2\/posts\/72363\/revisions"}],"predecessor-version":[{"id":72366,"href":"https:\/\/hunvolley.hu\/index.php\/wp-json\/wp\/v2\/posts\/72363\/revisions\/72366"}],"wp:featuredmedia":[{"embeddable":true,"href":"https:\/\/hunvolley.hu\/index.php\/wp-json\/wp\/v2\/media\/44351"}],"wp:attachment":[{"href":"https:\/\/hunvolley.hu\/index.php\/wp-json\/wp\/v2\/media?parent=72363"}],"wp:term":[{"taxonomy":"category","embeddable":true,"href":"https:\/\/hunvolley.hu\/index.php\/wp-json\/wp\/v2\/categories?post=72363"},{"taxonomy":"post_tag","embeddable":true,"href":"https:\/\/hunvolley.hu\/index.php\/wp-json\/wp\/v2\/tags?post=72363"}],"curies":[{"name":"wp","href":"https:\/\/api.w.org\/{rel}","templated":true}]}}