{"id":72178,"date":"2021-07-13T22:05:00","date_gmt":"2021-07-13T20:05:00","guid":{"rendered":"https:\/\/hunvolley.hu\/index.php\/onkentes\/kubai-feladoval-erositett-a-mafc-bme\/"},"modified":"2024-05-24T16:46:43","modified_gmt":"2024-05-24T14:46:43","slug":"elnoki-csucstalalkozo","status":"publish","type":"post","link":"https:\/\/hunvolley.hu\/index.php\/archiv\/elnoki-csucstalalkozo\/","title":{"rendered":"Eln\u00f6ki cs\u00facstal\u00e1lkoz\u00f3"},"content":{"rendered":"<p><strong>Az U16-os le\u00e1ny Eur\u00f3pa-bajnoks\u00e1g sz\u00fcnnapj\u00e1n, a Magyar R\u00f6plabda Sz\u00f6vets\u00e9g sportdiplom\u00e1ciai \u00fcgyekre ford\u00edtott figyelmet.<\/strong><\/p>\n<p>A nemzetk\u00f6zi r\u00f6plabda\u00e9let s\u0171r\u0171 esem\u00e9nyei miatt Aleksandar Boricic \u00far, az Eur\u00f3pai R\u00f6plabda Konf\u00f6der\u00e1ci\u00f3 (CEV) eln\u00f6ke nem tud szem\u00e9lyesen megjelenni a koroszt\u00e1lyos esem\u00e9nyen. Dr. Kov\u00e1cs Ferenc megh\u00edv\u00e1s\u00e1ra azonban r\u00f6vid l\u00e1togat\u00e1sra Budapestre \u00e9rkezett, majd napokon bel\u00fcl Jap\u00e1nba indul a Ny\u00e1ri Olimpiai J\u00e1t\u00e9kokra.<\/p>\n<p>A megbesz\u00e9l\u00e9sen Dr. Kov\u00e1cs Ferenc eln\u00f6k, Ludvig Zsolt f\u0151titk\u00e1r \u00e9s Nemcsik Bal\u00e1zs \u00fcgyvezet\u0151 igazgat\u00f3 vett r\u00e9szt, \u00e9s az \u00e9vek alatt kialakult j\u00f3 viszonynak megfelel\u0151en bar\u00e1ti hangulatban zajlott az egyeztet\u00e9s. Term\u00e9szetesen sz\u00f3 esett a szabolcsi megyesz\u00e9khelyen \u00e9s a szlov\u00e1kiai Homonn\u00e1n zajl\u00f3 Eb-r\u0151l is, amelynek eddigi visszhangja nagyon pozit\u00edv. Boricic eln\u00f6k \u00far gratul\u00e1lt a brav\u00faros szerepl\u00e9shez is, hiszen l\u00e1nyaink k\u00e9t gy\u0151zelemmel jelenleg tov\u00e1bbjut\u00e1sra es\u00e9lyesek.<\/p>\n<p>A CEV idei tervei mellett a felek egyeztettek a lehets\u00e9ges j\u00f6v\u0151beli magyarorsz\u00e1gi esem\u00e9nyekr\u0151l. B\u00e1r ezek m\u00e9g t\u00e1vlati tervek, m\u00e9gis j\u00f3l jelzik a CEV eln\u00f6k\u00e9nek felt\u00e9tlen bizalm\u00e1t \u00e9s azt, hogy Magyarorsz\u00e1g ma m\u00e1r kiemelked\u0151 rendez\u0151 h\u00edr\u00e9ben \u00e1ll.<\/p>\n<p>Az egyeztet\u00e9s \u00e9s a tervek pontos\u00edt\u00e1sa hamarosan folytat\u00f3dik. A k\u00e9t eln\u00f6k ism\u00e9t tal\u00e1lkozni fog Zadarban (Horv\u00e1torsz\u00e1g), a n\u0151i Eur\u00f3pa-bajnoks\u00e1gon, valamint szeptember 18-\u00e1n Katowicze-ben a CEV kongresszuson is. Az m\u00e1r t\u00e9nyk\u00e9nt kijelenthet\u0151, hogy a Magyar R\u00f6plabda Sz\u00f6vets\u00e9g alap\u00edt\u00e1s\u00e1nak 75. \u00e9vfordul\u00f3j\u00e1ra szervezett decemberi \u00fcnneps\u00e9g alkalm\u00e1b\u00f3l a CEV eln\u00f6ks\u00e9ge Budapesten fog \u00fcl\u00e9sezni.<\/p>\n","protected":false},"excerpt":{"rendered":"<p>Az U16-os le\u00e1ny Eur\u00f3pa-bajnoks\u00e1g sz\u00fcnnapj\u00e1n, a Magyar R\u00f6plabda Sz\u00f6vets\u00e9g sportdiplom\u00e1ciai \u00fcgyekre ford\u00edtott figyelmet. A nemzetk\u00f6zi r\u00f6plabda\u00e9let s\u0171r\u0171 esem\u00e9nyei miatt Aleksandar Boricic \u00far, az Eur\u00f3pai R\u00f6plabda Konf\u00f6der\u00e1ci\u00f3 (CEV) eln\u00f6ke nem tud [&hellip;]<\/p>\n","protected":false},"author":2,"featured_media":72184,"comment_status":"closed","ping_status":"closed","sticky":false,"template":"","format":"standard","meta":{"_acf_changed":false,"_et_pb_use_builder":"","_et_pb_old_content":"","_et_gb_content_width":"","footnotes":""},"categories":[126,131],"tags":[],"class_list":["post-72178","post","type-post","status-publish","format-standard","has-post-thumbnail","hentry","category-archiv","category-szovetseg-2022-elottrol"],"acf":[],"_links":{"self":[{"href":"https:\/\/hunvolley.hu\/index.php\/wp-json\/wp\/v2\/posts\/72178","targetHints":{"allow":["GET"]}}],"collection":[{"href":"https:\/\/hunvolley.hu\/index.php\/wp-json\/wp\/v2\/posts"}],"about":[{"href":"https:\/\/hunvolley.hu\/index.php\/wp-json\/wp\/v2\/types\/post"}],"author":[{"embeddable":true,"href":"https:\/\/hunvolley.hu\/index.php\/wp-json\/wp\/v2\/users\/2"}],"replies":[{"embeddable":true,"href":"https:\/\/hunvolley.hu\/index.php\/wp-json\/wp\/v2\/comments?post=72178"}],"version-history":[{"count":1,"href":"https:\/\/hunvolley.hu\/index.php\/wp-json\/wp\/v2\/posts\/72178\/revisions"}],"predecessor-version":[{"id":72181,"href":"https:\/\/hunvolley.hu\/index.php\/wp-json\/wp\/v2\/posts\/72178\/revisions\/72181"}],"wp:featuredmedia":[{"embeddable":true,"href":"https:\/\/hunvolley.hu\/index.php\/wp-json\/wp\/v2\/media\/72184"}],"wp:attachment":[{"href":"https:\/\/hunvolley.hu\/index.php\/wp-json\/wp\/v2\/media?parent=72178"}],"wp:term":[{"taxonomy":"category","embeddable":true,"href":"https:\/\/hunvolley.hu\/index.php\/wp-json\/wp\/v2\/categories?post=72178"},{"taxonomy":"post_tag","embeddable":true,"href":"https:\/\/hunvolley.hu\/index.php\/wp-json\/wp\/v2\/tags?post=72178"}],"curies":[{"name":"wp","href":"https:\/\/api.w.org\/{rel}","templated":true}]}}