{"id":72102,"date":"2021-07-09T15:20:00","date_gmt":"2021-07-09T13:20:00","guid":{"rendered":"https:\/\/hunvolley.hu\/index.php\/onkentes\/bemutatkozik-az-u16-os-valogatott-nanasi-zoe-es-toth-sara\/"},"modified":"2024-05-24T16:46:43","modified_gmt":"2024-05-24T14:46:43","slug":"probald-ki-az-urban-volley-t-nyiregyhazan","status":"publish","type":"post","link":"https:\/\/hunvolley.hu\/index.php\/archiv\/probald-ki-az-urban-volley-t-nyiregyhazan\/","title":{"rendered":"Pr\u00f3b\u00e1ld ki az Urban Volley-t Ny\u00edregyh\u00e1z\u00e1n!"},"content":{"rendered":"<p><strong>A szombaton rajtol\u00f3 magyar\u2013szlov\u00e1k k\u00f6z\u00f6s rendez\u00e9s\u0171 U16-os le\u00e1ny r\u00f6plabda Eur\u00f3pa-bajnoks\u00e1g egyik k\u00eds\u00e9r\u0151 rendezv\u00e9nye Continental Ar\u00e9n\u00e1t\u00f3l nem messze, a ny\u00edregyh\u00e1zi f\u0151t\u00e9ren fel\u00e1ll\u00edtott, \u00fagynevezett Urban Volley (v\u00e1rosi r\u00f6plabda) p\u00e1lya, amelyet b\u00e1rki kipr\u00f3b\u00e1lhat a kontinenstorna ideje alatt. <\/strong><\/p>\n<p>&nbsp;<\/p>\n<p>\u00c9s hogy mi az az Urban Volley? Egy szabadt\u00e9ren fel\u00e1ll\u00edthat\u00f3, 7 m\u00e9ter magas, h\u00e1l\u00f3val k\u00f6rbevett, norm\u00e1l m\u00e9ret\u0171 (9&#215;18 m\u00e9ter+3 m\u00e9ter kifut\u00f3) p\u00e1lya, amir\u0151l a h\u00e1l\u00f3 miatt nem pattanhat ki a labda.<\/p>\n<p>\u201eM\u00e9g 2012-ben, Berlinben voltam supervisork\u00e9nt egy CEV-kupa m\u00e9rk\u0151z\u00e9sen, amikor el\u0151sz\u00f6r hallottam ilyenr\u0151l \u2013 mes\u00e9lt err\u0151l <strong>Nagy Korn\u00e9l<\/strong>, az MRSZ versenyirod\u00e1j\u00e1nak vezet\u0151je. \u2013 A Berlin Recycling Volleys \u00fcgyvezet\u0151je mutatott be egy marketingtervet, amelynek r\u00e9sze volt az Urban Volley p\u00e1lya is. A tervben, amely azt\u00e1n megval\u00f3s\u00edt\u00e1sra is ker\u00fclt, az szerepelt, hogy egy ilyen p\u00e1ly\u00e1t telep\u00edtenek majd Berlin k\u00fcl\u00f6nb\u00f6z\u0151 tereire, amelynek hetente v\u00e1ltoztatj\u00e1k a hely\u00e9t \u00e9s mindenf\u00e9le k\u00eds\u00e9r\u0151 programokat, koncertet, v\u00e1s\u00e1rt, bork\u00f3stol\u00f3t, s\u00f6rfesztiv\u00e1lt szerveznek m\u00e9g mell\u00e9, hogy \u00edgy n\u00e9pszer\u0171s\u00edts\u00e9k a klubot. A p\u00e1ly\u00e1n pedig a feln\u0151tt \u00e9s az ut\u00e1np\u00f3tl\u00e1s-j\u00e1t\u00e9kosok tartottak bemutat\u00f3t, sajt\u00f3t\u00e1j\u00e9koztat\u00f3kat \u00e9s szponzori fogad\u00e1sokat is szerveztek a sz\u00ednhely\u00e9re, \u00e9s term\u00e9szetesen a n\u00e9z\u0151k is kipr\u00f3b\u00e1lhatt\u00e1k.\u201d<\/p>\n<p>A terv olyannyira sikeres volt, hogy a BR Volleys az\u00f3ta rendszeres BL-r\u00e9sztvev\u0151, s\u0151t, m\u00e1r Bajnokok Lig\u00e1ja d\u00f6nt\u0151t is szerveztek.<\/p>\n<p>\u201e\u00c9n m\u00e1r akkor ind\u00edtv\u00e1nyoztam, hogy egy ilyenre nek\u00fcnk is sz\u00fcks\u00e9g\u00fcnk lenne, de sajnos a sz\u00f6vets\u00e9g anyagi lehet\u0151s\u00e9gei akkor m\u00e9g nem tett\u00e9k ezt lehet\u0151v\u00e9. Tavaly azt\u00e1n elind\u00edthattuk a megrendel\u00e9st \u00e9s mostanra el is k\u00e9sz\u00fclt, amelyet cs\u00fct\u00f6rt\u00f6k\u00f6n \u00e9p\u00edtettek fel a ny\u00edregyh\u00e1zi Kossuth t\u00e9ren, amely az Eb v\u00e9g\u00e9ig ott is lesz majd Ny\u00edregyh\u00e1z\u00e1n, s el\u0151zetes bejelentkez\u00e9s ut\u00e1n b\u00e1rki ki is pr\u00f3b\u00e1lhatja. A hossz\u00fat\u00e1v\u00fa tervek k\u00f6z\u00f6tt az is szerepel, hogy m\u00e1s v\u00e1rosokban is szeretn\u00e9nk majd meg\u00e9p\u00edteni, hogy ott is n\u00e9pszer\u0171s\u00edteni tudjuk a sport\u00e1gat, de ehhez a klubok jelentkez\u00e9s\u00e9t \u00e9s egy\u00fcttm\u0171k\u00f6d\u00e9s\u00e9t is v\u00e1rjuk.\u201d<\/p>\n<p>&nbsp;<\/p>\n","protected":false},"excerpt":{"rendered":"<p>A szombaton rajtol\u00f3 magyar\u2013szlov\u00e1k k\u00f6z\u00f6s rendez\u00e9s\u0171 U16-os le\u00e1ny r\u00f6plabda Eur\u00f3pa-bajnoks\u00e1g egyik k\u00eds\u00e9r\u0151 rendezv\u00e9nye Continental Ar\u00e9n\u00e1t\u00f3l nem messze, a ny\u00edregyh\u00e1zi f\u0151t\u00e9ren fel\u00e1ll\u00edtott, \u00fagynevezett Urban Volley (v\u00e1rosi r\u00f6plabda) p\u00e1lya, amelyet b\u00e1rki kipr\u00f3b\u00e1lhat [&hellip;]<\/p>\n","protected":false},"author":2,"featured_media":72117,"comment_status":"closed","ping_status":"closed","sticky":false,"template":"","format":"standard","meta":{"_acf_changed":false,"_et_pb_use_builder":"","_et_pb_old_content":"","_et_gb_content_width":"","footnotes":""},"categories":[126,131],"tags":[],"class_list":["post-72102","post","type-post","status-publish","format-standard","has-post-thumbnail","hentry","category-archiv","category-szovetseg-2022-elottrol"],"acf":[],"_links":{"self":[{"href":"https:\/\/hunvolley.hu\/index.php\/wp-json\/wp\/v2\/posts\/72102","targetHints":{"allow":["GET"]}}],"collection":[{"href":"https:\/\/hunvolley.hu\/index.php\/wp-json\/wp\/v2\/posts"}],"about":[{"href":"https:\/\/hunvolley.hu\/index.php\/wp-json\/wp\/v2\/types\/post"}],"author":[{"embeddable":true,"href":"https:\/\/hunvolley.hu\/index.php\/wp-json\/wp\/v2\/users\/2"}],"replies":[{"embeddable":true,"href":"https:\/\/hunvolley.hu\/index.php\/wp-json\/wp\/v2\/comments?post=72102"}],"version-history":[{"count":3,"href":"https:\/\/hunvolley.hu\/index.php\/wp-json\/wp\/v2\/posts\/72102\/revisions"}],"predecessor-version":[{"id":72116,"href":"https:\/\/hunvolley.hu\/index.php\/wp-json\/wp\/v2\/posts\/72102\/revisions\/72116"}],"wp:featuredmedia":[{"embeddable":true,"href":"https:\/\/hunvolley.hu\/index.php\/wp-json\/wp\/v2\/media\/72117"}],"wp:attachment":[{"href":"https:\/\/hunvolley.hu\/index.php\/wp-json\/wp\/v2\/media?parent=72102"}],"wp:term":[{"taxonomy":"category","embeddable":true,"href":"https:\/\/hunvolley.hu\/index.php\/wp-json\/wp\/v2\/categories?post=72102"},{"taxonomy":"post_tag","embeddable":true,"href":"https:\/\/hunvolley.hu\/index.php\/wp-json\/wp\/v2\/tags?post=72102"}],"curies":[{"name":"wp","href":"https:\/\/api.w.org\/{rel}","templated":true}]}}