{"id":71634,"date":"2021-05-20T10:27:00","date_gmt":"2021-05-20T08:27:00","guid":{"rendered":"https:\/\/hunvolley.hu\/index.php\/onkentes\/tajekoztatas-sportszervezeteknek-a-tao-kerettel-kapcsolatban\/"},"modified":"2024-05-24T16:19:09","modified_gmt":"2024-05-24T14:19:09","slug":"tajekoztatas-sportszervezeteknek-a-tao-kerettel-kapcsolatban","status":"publish","type":"post","link":"https:\/\/hunvolley.hu\/index.php\/archiv\/tajekoztatas-sportszervezeteknek-a-tao-kerettel-kapcsolatban\/","title":{"rendered":"T\u00e1j\u00e9koztat\u00e1s Sportszervezeteknek a TAO-kerettel kapcsolatban"},"content":{"rendered":"<p><strong>Tisztelt Klubvezet\u0151! Kiemelten fontos \u00e9s rendk\u00edv\u00fcl neh\u00e9z \u00fcgyben fordulok \u00d6n\u00f6kh\u00f6z.<br \/>\n<\/strong><strong>Mint ahogy arr\u00f3l m\u00e1r t\u00f6bben \u00e9rtes\u00fcltek, a r\u00f6plabda sport\u00e1g sz\u00e1m\u00e1ra a 2021-es ad\u00f3\u00e9vre meghat\u00e1rozott, az \u00e1llami sportvezet\u00e9s d\u00f6nt\u00e9se \u00e9rtelm\u00e9ben cs\u00f6kkentett m\u0171k\u00f6d\u00e9si jelleg\u0171 keret\u00f6sszeg \u2013 a 300 milli\u00f3 forintos biztons\u00e1gi tartal\u00e9kkeret kiv\u00e9tel\u00e9vel \u2013 m\u00e1jus 19-\u00e9n kimer\u00fclt.<\/strong><\/p>\n<p>&nbsp;<\/p>\n<p>Az el\u0151z\u0151 id\u0151szakokr\u00f3l \u00e1th\u00faz\u00f3d\u00f3, fel nem t\u00f6lt\u00f6tt t\u00e1mogat\u00e1si \u00f6sszegek miatt a 2021-es \u00e9vben a sportszervezetekn\u00e9l felmer\u00fcl\u0151 ig\u00e9ny jelent\u0151sen meghaladta a rendelkez\u00e9sre \u00e1ll\u00f3 keretet. Emiatt kellett meghoznunk azt a d\u00f6nt\u00e9st, hogy a 19\/20-as t\u00e1mogat\u00e1si id\u0151szakra m\u00e1rcius elej\u00e9t\u0151l m\u00e1r nem lehetett tov\u00e1bbi k\u00e9relmeket beny\u00fajtani, ahogyan azt is, hogy a 2020\/2021-es programokn\u00e1l csak az alapid\u0151szak v\u00e9g\u00e9ig van lehet\u0151s\u00e9g t\u00e1mogat\u00f3t tal\u00e1lni \u00e9s csak a m\u00e1r felt\u00f6lt\u00f6tt \u00f6sszegeket lehet meghosszabb\u00edtani.<\/p>\n<p>B\u00edzunk benne, hogy a 2022-es ad\u00f3\u00e9vben az id\u00e9n meghozott d\u00f6nt\u00e9seink miatt \u2013 amelyekre a sport\u00e1gi keret\u00f6sszeg bevezet\u00e9se, majd az idei ad\u00f3\u00e9vben felt\u00f6lthet\u0151 keret tov\u00e1bbi cs\u00f6kkent\u00e9se miatt volt sz\u00fcks\u00e9g \u2013 l\u00e9nyegesen k\u00f6nnyebben lesz tervezhet\u0151 a programok felt\u00f6lt\u00e9se.<\/p>\n<p>A m\u00e1r eml\u00edtett 300 milli\u00f3 forintos &#8222;pufferkeret&#8221; terh\u00e9re t\u00e1mogat\u00e1si igazol\u00e1si k\u00e9relmet beny\u00fajtani azoknak a sportszervezeteknek van lehet\u0151s\u00e9g\u00fck, amelyek a 21\/22-es t\u00e1mogat\u00e1si id\u0151szakra m\u00e9g nem rendelkeznek ki\u00e1ll\u00edtott t\u00e1mogat\u00e1si igazol\u00e1ssal. Ennek maxim\u00e1lis \u00f6sszege 10 milli\u00f3 forint, de nem haladhatja meg a sportszervezet sz\u00e1m\u00e1ra j\u00f3v\u00e1hagyott t\u00e1mogat\u00e1si \u00f6sszeg 50%-\u00e1t.<\/p>\n<p>Amennyiben 2021. j\u00fanius 30-ig a biztons\u00e1gi keret\u00f6sszeg (\u201epufferkeret\u201d) nem fogy el, j\u00falius 1-t\u0151l azok a sportszervezetek tudnak \u00fajabb igazol\u00e1si k\u00e9relmeket beny\u00fajtani, amelyekn\u00e9l a felt\u00f6lt\u00e9s m\u00e9g nem \u00e9rte el az 50%-ot. A biztons\u00e1gi keret terh\u00e9re a TAO Iroda vezet\u0151j\u00e9vel egyeztetve tudnak igazol\u00e1si k\u00e9relmet beny\u00fajtani. Az enged\u00e9lyeket al\u00e1\u00edrt egy\u00fcttm\u0171k\u00f6d\u00e9si meg\u00e1llapod\u00e1s birtok\u00e1ban adjuk ki.<\/p>\n<p>Az idei \u00e9vt\u0151l a sz\u00f6vets\u00e9gnek lehet\u0151s\u00e9ge van az \u00e9p\u00edt\u00e9si beruh\u00e1z\u00e1sok keret\u00f6sszeg\u00e9t \u00e1tcsoportos\u00edtani m\u0171k\u00f6d\u00e9si c\u00e9lokra. Az MRSZ eln\u00f6ks\u00e9g\u00e9nek kor\u00e1bbi d\u00f6nt\u00e9se \u00e9rtelm\u00e9ben amennyiben 2021. szeptember 30-ig nem mer\u00fcl ki a beruh\u00e1z\u00e1si keret\u00f6sszeg, az MRSZ a fennmarad\u00f3 keretet m\u0171k\u00f6d\u00e9sre csoportos\u00edtja \u00e1t. Err\u0151l kell\u0151 id\u0151ben t\u00e1j\u00e9koztatjuk \u00d6n\u00f6ket.<\/p>\n<p>Ahogyan arra sz\u00e1m\u00edtani lehetett, az elm\u00falt \u00f3r\u00e1kban sz\u00e1mtalan telefonh\u00edv\u00e1s \u00e9rkezett a koll\u00e9g\u00e1khoz. Minden esetben k\u00e9nytelenek vagyunk elmondani, hogy a keret\u00f6sszeg n\u00f6vel\u00e9s\u00e9r\u0151l a sz\u00f6vets\u00e9geknek nincs lehet\u0151s\u00e9ge d\u00f6nteni!<\/p>\n<p>Term\u00e9szetesen tudjuk, hogy a TAO bev\u00e9telek (ak\u00e1r r\u00e9szleges) kies\u00e9se s\u00falyosan \u00e9rintheti sportszervezetek gazd\u00e1lkod\u00e1s\u00e1t. Emiatt a szab\u00e1lyoz\u00e1st h\u00f3napokkal ezel\u0151tt k\u00f6zz\u00e9tett\u00fck \u00e9s minden sportszervezetre szigor\u00faan egyform\u00e1n \u00e9rv\u00e9nyesnek tartjuk. A helyzet jellege miatt k\u00e9relemre sem tudunk m\u00e9lt\u00e1nyoss\u00e1got gyakorolni.<\/p>\n<p>&nbsp;<\/p>\n<p>K\u00e9rj\u00fck meg\u00e9rt\u00e9s\u00fcket!<br \/>\nBudapest, 2021. m\u00e1jus 20.<\/p>\n<p>Sportt\u00e1rsi \u00fcdv\u00f6zlettel:<br \/>\nLudvig Zsolt<br \/>\nMagyar R\u00f6plabda Sz\u00f6vets\u00e9g<br \/>\nF\u0151titk\u00e1r<\/p>\n<p>&nbsp;<\/p>\n","protected":false},"excerpt":{"rendered":"<p>Tisztelt Klubvezet\u0151! Kiemelten fontos \u00e9s rendk\u00edv\u00fcl neh\u00e9z \u00fcgyben fordulok \u00d6n\u00f6kh\u00f6z. Mint ahogy arr\u00f3l m\u00e1r t\u00f6bben \u00e9rtes\u00fcltek, a r\u00f6plabda sport\u00e1g sz\u00e1m\u00e1ra a 2021-es ad\u00f3\u00e9vre meghat\u00e1rozott, az \u00e1llami sportvezet\u00e9s d\u00f6nt\u00e9se \u00e9rtelm\u00e9ben cs\u00f6kkentett [&hellip;]<\/p>\n","protected":false},"author":2,"featured_media":44301,"comment_status":"closed","ping_status":"closed","sticky":false,"template":"","format":"standard","meta":{"_acf_changed":false,"_et_pb_use_builder":"","_et_pb_old_content":"","_et_gb_content_width":"","footnotes":""},"categories":[126,131],"tags":[],"class_list":["post-71634","post","type-post","status-publish","format-standard","has-post-thumbnail","hentry","category-archiv","category-szovetseg-2022-elottrol"],"acf":[],"_links":{"self":[{"href":"https:\/\/hunvolley.hu\/index.php\/wp-json\/wp\/v2\/posts\/71634","targetHints":{"allow":["GET"]}}],"collection":[{"href":"https:\/\/hunvolley.hu\/index.php\/wp-json\/wp\/v2\/posts"}],"about":[{"href":"https:\/\/hunvolley.hu\/index.php\/wp-json\/wp\/v2\/types\/post"}],"author":[{"embeddable":true,"href":"https:\/\/hunvolley.hu\/index.php\/wp-json\/wp\/v2\/users\/2"}],"replies":[{"embeddable":true,"href":"https:\/\/hunvolley.hu\/index.php\/wp-json\/wp\/v2\/comments?post=71634"}],"version-history":[{"count":1,"href":"https:\/\/hunvolley.hu\/index.php\/wp-json\/wp\/v2\/posts\/71634\/revisions"}],"predecessor-version":[{"id":71636,"href":"https:\/\/hunvolley.hu\/index.php\/wp-json\/wp\/v2\/posts\/71634\/revisions\/71636"}],"wp:featuredmedia":[{"embeddable":true,"href":"https:\/\/hunvolley.hu\/index.php\/wp-json\/wp\/v2\/media\/44301"}],"wp:attachment":[{"href":"https:\/\/hunvolley.hu\/index.php\/wp-json\/wp\/v2\/media?parent=71634"}],"wp:term":[{"taxonomy":"category","embeddable":true,"href":"https:\/\/hunvolley.hu\/index.php\/wp-json\/wp\/v2\/categories?post=71634"},{"taxonomy":"post_tag","embeddable":true,"href":"https:\/\/hunvolley.hu\/index.php\/wp-json\/wp\/v2\/tags?post=71634"}],"curies":[{"name":"wp","href":"https:\/\/api.w.org\/{rel}","templated":true}]}}