{"id":71376,"date":"2021-06-09T10:30:00","date_gmt":"2021-06-09T08:30:00","guid":{"rendered":"https:\/\/hunvolley.hu\/index.php\/onkentes\/junius-18-an-bucsuztatjak-idosebb-juhasz-zoltant\/"},"modified":"2024-05-24T16:46:42","modified_gmt":"2024-05-24T14:46:42","slug":"junius-18-an-bucsuztatjak-idosebb-juhasz-zoltant","status":"publish","type":"post","link":"https:\/\/hunvolley.hu\/index.php\/archiv\/junius-18-an-bucsuztatjak-idosebb-juhasz-zoltant\/","title":{"rendered":"J\u00fanius 18-\u00e1n b\u00facs\u00faztatj\u00e1k Id\u0151sebb Juh\u00e1sz Zolt\u00e1nt"},"content":{"rendered":"<p><strong>M\u00e9g \u00e1prilisban, \u00e9let\u00e9nek 88. \u00e9v\u00e9ben hunyt el tragikus hirtelens\u00e9ggel id. Juh\u00e1sz Zolt\u00e1n egykori kiv\u00e1l\u00f3 nemzetk\u00f6zi r\u00f6plabda j\u00e1t\u00e9kvezet\u0151, akinek temet\u00e9se j\u00fanius 18-\u00e1n 9:45-kor lesz a k\u0151b\u00e1nyai \u00daj K\u00f6ztemet\u0151ben.<br \/>\n<\/strong><\/p>\n<p>&nbsp;<\/p>\n<p><img loading=\"lazy\" decoding=\"async\" class=\"alignleft wp-image-28397 size-medium\" src=\"http:\/\/hunvolley.hu\/wp-content\/uploads\/2021\/04\/Juhasz-220x300.jpg\" alt=\"\" width=\"220\" height=\"300\" \/>J\u00e1t\u00e9kosk\u00e9nt 1962-ig szerepelt az NB I-ben. Edz\u0151k\u00e9nt NB I-es \u00e9s NB II-es csapatokat ir\u00e1ny\u00edtott.<\/p>\n<p>A j\u00e1t\u00e9kvezet\u00e9st 1948-ban kezdte el \u00e9s 1972-ben ker\u00fclt be az FIVB \u00e1ltal foglalkoztatott j\u00e1t\u00e9kvezet\u0151k k\u00f6z\u00e9. T\u00f6bb sz\u00e1z hazai NB I-es, nemzetk\u00f6zi v\u00e1logatott \u00e9s kupam\u00e9rk\u0151z\u00e9sen m\u0171k\u00f6d\u00f6tt k\u00f6zre. R\u00e9szt vett az 1980. \u00e9vi Ifj\u00fas\u00e1gi Bar\u00e1ts\u00e1g Versenyen, az 1981. \u00e9vi sz\u00f3fiai Universiad\u00e9n, az 1983. \u00e9s 1985. \u00e9vi feln\u0151tt Eur\u00f3pa-bajnoki selejtez\u0151k\u00f6n.<\/p>\n<p>A J\u00e1t\u00e9kvezet\u0151i Test\u00fclet Eln\u00f6ks\u00e9g\u00e9nek ellen\u0151rz\u00e9s\u00e9rt, majd oktat\u00e1s\u00e9rt felel\u0151s tagja volt 1989 \u00e9s 1997 k\u00f6z\u00f6tt. A Versenybizotts\u00e1g eln\u00f6ki tiszt\u00e9t k\u00f6zel 1 \u00e9vtizedig t\u00f6lt\u00f6tte be.<\/p>\n<p><strong>Eml\u00e9k\u00e9t kegyelettel meg\u0151rizz\u00fck.<\/strong><\/p>\n<p>&nbsp;<\/p>\n","protected":false},"excerpt":{"rendered":"<p>M\u00e9g \u00e1prilisban, \u00e9let\u00e9nek 88. \u00e9v\u00e9ben hunyt el tragikus hirtelens\u00e9ggel id. Juh\u00e1sz Zolt\u00e1n egykori kiv\u00e1l\u00f3 nemzetk\u00f6zi r\u00f6plabda j\u00e1t\u00e9kvezet\u0151, akinek temet\u00e9se j\u00fanius 18-\u00e1n 9:45-kor lesz a k\u0151b\u00e1nyai \u00daj K\u00f6ztemet\u0151ben. &nbsp; J\u00e1t\u00e9kosk\u00e9nt 1962-ig [&hellip;]<\/p>\n","protected":false},"author":2,"featured_media":56972,"comment_status":"closed","ping_status":"closed","sticky":false,"template":"","format":"standard","meta":{"_acf_changed":false,"_et_pb_use_builder":"","_et_pb_old_content":"","_et_gb_content_width":"","footnotes":""},"categories":[126,131],"tags":[],"class_list":["post-71376","post","type-post","status-publish","format-standard","has-post-thumbnail","hentry","category-archiv","category-szovetseg-2022-elottrol"],"acf":[],"_links":{"self":[{"href":"https:\/\/hunvolley.hu\/index.php\/wp-json\/wp\/v2\/posts\/71376","targetHints":{"allow":["GET"]}}],"collection":[{"href":"https:\/\/hunvolley.hu\/index.php\/wp-json\/wp\/v2\/posts"}],"about":[{"href":"https:\/\/hunvolley.hu\/index.php\/wp-json\/wp\/v2\/types\/post"}],"author":[{"embeddable":true,"href":"https:\/\/hunvolley.hu\/index.php\/wp-json\/wp\/v2\/users\/2"}],"replies":[{"embeddable":true,"href":"https:\/\/hunvolley.hu\/index.php\/wp-json\/wp\/v2\/comments?post=71376"}],"version-history":[{"count":1,"href":"https:\/\/hunvolley.hu\/index.php\/wp-json\/wp\/v2\/posts\/71376\/revisions"}],"predecessor-version":[{"id":71382,"href":"https:\/\/hunvolley.hu\/index.php\/wp-json\/wp\/v2\/posts\/71376\/revisions\/71382"}],"wp:featuredmedia":[{"embeddable":true,"href":"https:\/\/hunvolley.hu\/index.php\/wp-json\/wp\/v2\/media\/56972"}],"wp:attachment":[{"href":"https:\/\/hunvolley.hu\/index.php\/wp-json\/wp\/v2\/media?parent=71376"}],"wp:term":[{"taxonomy":"category","embeddable":true,"href":"https:\/\/hunvolley.hu\/index.php\/wp-json\/wp\/v2\/categories?post=71376"},{"taxonomy":"post_tag","embeddable":true,"href":"https:\/\/hunvolley.hu\/index.php\/wp-json\/wp\/v2\/tags?post=71376"}],"curies":[{"name":"wp","href":"https:\/\/api.w.org\/{rel}","templated":true}]}}