{"id":63480,"date":"2018-12-06T18:30:00","date_gmt":"2018-12-06T17:30:00","guid":{"rendered":"https:\/\/hunvolley.hu\/index.php\/onkentes\/temesvaron-is-galazott-a-vasas-bucsuzott-a-vrck\/"},"modified":"2024-05-24T17:44:30","modified_gmt":"2024-05-24T15:44:30","slug":"temesvaron-is-galazott-a-vasas-bucsuzott-a-vrck","status":"publish","type":"post","link":"https:\/\/hunvolley.hu\/index.php\/archiv\/temesvaron-is-galazott-a-vasas-bucsuzott-a-vrck\/","title":{"rendered":"Temesv\u00e1ron is g\u00e1l\u00e1zott a Vasas, b\u00facs\u00fazott a VRCK"},"content":{"rendered":"<p><strong>Cs\u00fct\u00f6rt\u00f6k\u00f6n k\u00e9t magyar kupacsapat l\u00e9pett p\u00e1ly\u00e1ra. A Vasas \u00d3buda 3:1-es el\u0151nyb\u0151l v\u00e1rta a temesv\u00e1ri visszav\u00e1g\u00f3t a n\u0151i Challenge-kup\u00e1ban, s mivel idegenben is j\u00e1tszmaveszt\u00e9s n\u00e9lk\u00fcl nyert, \u00edgy kett\u0151s gy\u0151zelemmel jutott a nyolcadd\u00f6nt\u0151be. Ugyanez sajnos nem siker\u00fclt a f\u00e9rfi CEV-kup\u00e1ban a Vegy\u00e9sz RC Kazincbarcik\u00e1nak, miut\u00e1n az idegenbeli veres\u00e9g ut\u00e1n hazai p\u00e1ly\u00e1n is elvesztette az els\u0151 k\u00e9t szettet a cseh Kladno ellen.<\/strong><\/p>\n<p>&nbsp;<\/p>\n<p>N\u0151i Challenge-kupa, 1. fordul\u00f3, visszav\u00e1g\u00f3:<\/p>\n<p><strong>UVT Agroland Timisoara (rom\u00e1n) \u2013 Vasas \u00d3buda 0:3 (\u201317, \u201313, <\/strong><strong>\u201325)<\/strong><\/p>\n<p>Temesv\u00e1r 300 n\u00e9z\u0151. V: Jordanov (bolg\u00e1r, Cevik (t\u00f6r\u00f6k)<\/p>\n<p><strong>TIMISOARA:<\/strong> Petra 2, Orle 9, Lupescu 6, Iancu 6, Kosekova, Jovanovic 3. <strong>Csere:<\/strong> Pusic, Catargiu (liber\u00f3k), Orlandea, Miclaus 4, Carbuneanu 3, Vasilica 8, Radu. <strong>Vezet\u0151edz\u0151:<\/strong> Bogdan Paul.<\/p>\n<p><strong>VASAS:<\/strong> Ana Tiemi 4, Kostelansk\u00e1 14, Ambrosio 8, Vill\u00e1m L. 7, T\u00f6r\u00f6k 8, Abdulazimova 11. <strong>Csere:<\/strong> Bozicevic (liber\u00f3), Mih\u00e1ly, Erzen, Durst, Manninger. <strong>Vezet\u0151edz\u0151:<\/strong> Jakub Gluszak.<\/p>\n<p><strong>Az eredm\u00e9ny alakul\u00e1sa. I. j\u00e1tszma:<\/strong> 5:3, 6:10, 9:15, 11:18, 14:21, 15:24. <strong>II. j\u00e1tszma:<\/strong> 4:6, 6:6, 7:11, 9:15, 11:20, 12:24. <strong>III. j\u00e1tszma:<\/strong> 7:7, 8:11, 11:18, 16:19, 19:21, 23:24, 25:24.<\/p>\n<p>Tov\u00e1bbjutott a <strong>Vasas \u00d3buda<\/strong> kett\u0151s gy\u0151zelemmel.<\/p>\n<p>B\u00e1r a meccs legelej\u00e9n egy kicsit r\u00e1nk ijesztettek a rom\u00e1nok, de 6:3-\u00f6s vezet\u00e9s\u00fck ut\u00e1n T\u00f6r\u00f6k Kata szerv\u00e1ival hirtelen n\u00e9gy ponttal elh\u00fazott a Vasas. A piros-k\u00e9kek remek\u00fcl blokkoltak, \u00e9s szinte \u00e1thatolhatatlan falat emeltek a rom\u00e1n csapat el\u0151tt. Az el\u0151nyt azt\u00e1n m\u00e9g tov\u00e1bb is tudt\u00e1k n\u00f6velni, a v\u00e9g\u00e9n pedig Ana Tiemi szerv\u00e1ival m\u00e1r kilenc szettlabd\u00e1ja is volt a Vasasnak, amelyb\u0151l a v\u00e9g\u00e9n a harmadikat \u00e9rt\u00e9kes\u00edtett\u00e9k egy rontott szerv\u00e1nak k\u00f6sz\u00f6nhet\u0151en <strong>(17:25)<\/strong>.<\/p>\n<p>A m\u00e1sodik j\u00e1tszma elej\u00e9n m\u00e9g megpr\u00f3b\u00e1ltak megkapaszkodni az utols\u00f3 szalmasz\u00e1lban a rom\u00e1nok, de 6:5 ut\u00e1n Kostelansk\u00e1 szerv\u00e1ival siker\u00fclt megl\u00e9pni, \u00e9s gyakorlatilag ezut\u00e1n teljesen \u00f6sszeomlottak a hazaiak. A meccsre ell\u00e1togat\u00f3 Vasas-szurkol\u00f3k legnagyobb \u00f6r\u00f6m\u00e9re r\u00f6videsen m\u00e1r 10 pont is volt a k\u00fcl\u00f6nbs\u00e9g, \u00e9s v\u00e9g\u00fcl 12 ponttal nyert\u00e9k azt a j\u00e1tszm\u00e1t, amely pontot tett a tov\u00e1bbjut\u00e1sra is <strong>(13:25)<\/strong>.<\/p>\n<p>A piros-k\u00e9kek ezut\u00e1n sem vettek vissza, s a j\u00e1tszma k\u00f6zep\u00e9n megint siker\u00fclt biztos el\u0151nyt kiharcolni, s\u0151t 18:11-n\u00e9l m\u00e1r h\u00e9t pont is volt k\u00f6zte. Ekkor m\u00e1r t\u00f6bb cserej\u00e1t\u00e9kos is p\u00e1ly\u00e1ra l\u00e9pett \u2013 bemutatkozott p\u00e9ld\u00e1ul a szlov\u00e9n Erzen, de p\u00e1ly\u00e1ra l\u00e9pett az idei U17-es Eb-n szerepl\u0151 Manninger Luca is \u2013, s ezt kihaszn\u00e1lva k\u00e9t pontra is felj\u00f6ttek a rom\u00e1nok, 23-n\u00e1l pedig ki is egyenl\u00edtettek. De \u00edgy is a Vasasnak lett m\u00e9rk\u0151z\u00e9slabd\u00e1ja, ezt azonban h\u00e1r\u00edtott\u00e1k, s\u0151t a Temesv\u00e1rnak is volt labd\u00e1ja a sz\u00e9p\u00edt\u00e9s\u00e9rt. Ekkor azonban h\u00e1rom pontot szereztek az \u00f3budaiak, s ezzel lez\u00e1rt\u00e1k a m\u00e9rk\u0151z\u00e9st <strong>(25:27)<\/strong>.<\/p>\n<p><span class=\"_5yl5\"><strong>Jakub Gluszak:<\/strong> \u2013 Nem sz\u00e1m\u00edtottunk k\u00f6nny\u0171 m\u00e9rk\u0151z\u00e9sre, felt\u00e9telezt\u00fck, hogy a Temesv\u00e1r hazai p\u00e1ly\u00e1n sokkal jobb lesz, mint egy hete Budapesten. Az els\u0151 perct\u0151l kezdve agressz\u00edvan r\u00f6plabd\u00e1ztunk, j\u00f3l nyitottunk, remek\u00fcl blokkoltunk ma is ugyan\u00fagy mint az el\u0151z\u0151 tal\u00e1lkoz\u00f3n, ez volt a gy\u0151zelem kulcsa. El\u00e9gedettek \u00e9s boldogok vagyunk, hogy tov\u00e1bbjutottunk, szeretn\u00e9nk min\u00e9l tov\u00e1bb jutni a Challenge-kup\u00e1ban.<\/span><\/p>\n<p>A Vasas k\u00f6vetkez\u0151 ellenfele a szlov\u00e9n Gorica lesz. Az els\u0151 m\u00e9rk\u0151z\u00e9st december 18. \u00e9s 20. k\u00f6z\u00f6tt Budapesten, a visszav\u00e1g\u00f3t janu\u00e1r 22. \u00e9s 24. k\u00f6z\u00f6tt Nova Goric\u00e1ban j\u00e1tssz\u00e1k.<\/p>\n<p>&nbsp;<\/p>\n<p>F\u00e9rfi CEV-kupa, 1. fordul\u00f3, visszav\u00e1g\u00f3:<\/p>\n<p><strong>VEGY\u00c9SZ RC KAZINCBARCIKA \u2013 KLADNO (cseh) 2:3 (\u201318, \u201326, 25, 20, \u201313)<\/strong><\/p>\n<p>Kazincbarcika, 600 n\u00e9z\u0151. V: Vagni (olasz), Genitrini (angol)<\/p>\n<p><strong>VRCK:<\/strong> P\u00e1ez 3, N\u00e9meth Sz. 20, Macko 9, Szab\u00f3 D. 16, Milev 8, Juh\u00e1sz 7. <strong>Csere:<\/strong> Gebhardt \u00c1. (liber\u00f3), \u00c1rva 2, Bl\u00e1zsovics 6, Toronyai. <strong>Vezet\u0151edz\u0151:<\/strong> Marek Kardos.<\/p>\n<p><strong>KLADNO:<\/strong> Hysky 9, Zajicek 17, Habr 18, Vemic 21, Sobotka 4, Wallisch 4. <strong>Csere:<\/strong> Mokin (liber\u00f3), Vostarek 1, Blazek 1, Kolousek 3, Syr\u00facek 5. <strong>Vezet\u0151edz\u0151:<\/strong> Milan Fortunik.<\/p>\n<p><strong>Az eredm\u00e9ny alakul\u00e1sa.<\/strong> <strong>I. j\u00e1tszma:<\/strong> 3:3, 4:7, 9:15, 14:20, 18:24. <strong>II. j\u00e1tszma:<\/strong> 2:4, 6:6, 7:9, 10:9, 10:12, 13:13, 15:14, 18:20, 22:22, 24:23. <strong>III. j\u00e1tszma:<\/strong> 8:5, 16:14, 21:20. <strong>IV. j\u00e1tszma:<\/strong> 5:8, 16:13, 21:16. <strong>V. j\u00e1tszma:<\/strong> 4:5, 8:7, 10:7, 11:12, 12:14.<\/p>\n<p>Hossz\u00fa, l\u00e1tv\u00e1nyos labdamenetekkel kezd\u0151d\u00f6tt a m\u00e9rk\u0151z\u00e9s, de nyolchoz \u00e9rve a vend\u00e9gek k\u00e9tpontos el\u0151nyt \u00e9p\u00edtettek ki. Majd folyamatosan n\u00f6velt\u00e9k el\u0151ny\u00fcket, \u00c1rva Mil\u00e1n j\u00f6tt Szab\u00f3 D\u00e1vid hely\u00e9re, de a k\u00fcl\u00f6nbs\u00e9g ekkor m\u00e1r h\u00e9tpontos volt. Ez meg is maradt a v\u00e9g\u00e9ig, \u00edgy az els\u0151 j\u00e1tszm\u00e1t a Kladno nyerte <strong>(18:25)<\/strong>.<\/p>\n<p>Vlado Milev j\u00f3 \u00fct\u00e9se \u00e9s Carlos P\u00e1ez remek blokkj\u00e1t k\u00f6vet\u0151en ism\u00e9t \u201cfelrobbant\u201d a csarnok, azt\u00e1n Juh\u00e1sz P\u00e9ter okos megold\u00e1s\u00e1t k\u00f6vet\u0151en m\u00e1r eg\u00e1l \u00e1llt az eredm\u00e9nyjelz\u0151n. Tomas Hysky\u00e9k nem \u00e1lltak hadil\u00e1bon a szerencs\u00e9vel, igaz meg is dolgoztak \u00e9rte, de k\u00e9t pont erej\u00e9ig a Kazincbarcik\u00e1nak is jutott bel\u0151le. N\u00e9meth be, Milev le, el\u0151bbi gyorsan hozott is egy blokkot. Marek Kardosnak kellett id\u0151t k\u00e9rnie, csapata 22-n\u00e9l \u00e9rte utol a Kladn\u00f3t. Juh\u00e1sz j\u00f3 s\u00e1nca ut\u00e1n szettlabd\u00e1ja volt a VRCK-nak, de egaliz\u00e1lnia nem siker\u00fclt, a csehek pedig az \u00fajabb r\u00e9szsikerrel eld\u00f6nt\u00f6tt\u00e9k a tov\u00e1bbjut\u00e1s sors\u00e1t <strong>(26:28)<\/strong>.<\/p>\n<p>A harmadik j\u00e1tszm\u00e1t j\u00f3l kezdte a Vegy\u00e9sz, de a Kladno folyamatosan kapaszkodott, \u00e9s a szett hajr\u00e1j\u00e1ban utol is \u00e9rte vend\u00e9gl\u00e1t\u00f3j\u00e1t. Szab\u00f3 \u00e9s N\u00e9meth gyorsan szereztek k\u00e9t pontot, majd egy remek cseh megold\u00e1s ut\u00e1n egy h\u00e1l\u00f3s nyit\u00e1s j\u00f6tt v\u00e1laszk\u00e9nt a t\u00faloldalr\u00f3l. Filip Habr \u00fct\u00e9se \u00e9s j\u00f3 szerv\u00e1ja ut\u00e1n megint eg\u00e1l volt, azt\u00e1n a felad\u00f3t \u00e9s \u00e1tl\u00f3t is j\u00e1tsz\u00f3 szt\u00e1r nyitott egy \u00e1szt, majd el is rontott egyet. \u00c9rkezett Toronyai Mikl\u00f3s nyitni, \u00e1tl\u00f3ba \u00c1rva, \u00e9s 25:25-r\u0151l folytatt\u00e1k a felek. Gebhardt \u00c1ron k\u00e9t par\u00e1d\u00e9s ment\u00e9s\u00e9t a v\u00e9g\u00e9n N\u00e9meth v\u00e1ltotta pontra, ami a sz\u00e9p\u00edt\u00e9st jelentette a borsodiaknak <strong>(27:25)<\/strong>.<\/p>\n<p>M\u00e1sf\u00e9l \u00f3r\u00e1nyi j\u00e1t\u00e9kot k\u00f6vet\u0151en a negyedik felvon\u00e1st \u00fagy kezdt\u00e9k a felek, hogy hol az egyik, hol a m\u00e1sik csapat vezetett. Az \u00e1tt\u00f6r\u00e9st Szab\u00f3 j\u00f3 nyit\u00e1sai hozt\u00e1k meg hazai szempontb\u00f3l a j\u00e1tszma derek\u00e1n, a v\u00e9gj\u00e1t\u00e9khoz \u00e9rve n\u00e9gypontosra n\u0151tt a Vegy\u00e9sz-el\u0151ny. N\u00e9gy pontot szereztek Kardos leg\u00e9nyei, egyet a csehek, de csak a negyedik szettlabd\u00e1j\u00e1t siker\u00fclt \u00e9rt\u00e9kes\u00edtenie a magyar bajnoknak \u2013 egy rossz cseh nyit\u00e1s ut\u00e1n <strong>(25:20)<\/strong>.<\/p>\n<p>Egy j\u00f3 Milev-\u00fct\u00e9ssel indult a z\u00e1r\u00f3 szett, majd N\u00e9meth jelentkezett k\u00e9t bomb\u00e1val, ugyancsak a h\u00e1ts\u00f3 sorb\u00f3l. Az eredm\u00e9ny azonban szorosan alakult, a t\u00e9rf\u00e9lcser\u00e9n\u00e9l a s\u00e1rga mezesek voltak eggyel el\u0151r\u00e9bb. A zsin\u00f3rban szerzett h\u00e1rom pont miatt id\u0151t k\u00e9rt a vend\u00e9gek vezet\u0151edz\u0151je, Milan Fortunik, majd t\u00f6bbet is cser\u00e9lt, ami bev\u00e1lt, mert egy pontra felz\u00e1rk\u00f3ztak a \u201ckladn\u00f3i sasok\u201d. Kardos is kik\u00e9rte f\u00e9lperces\u00e9t, de a csehek egaliz\u00e1ltak, majd Adam Zajicek ejt\u00e9se ut\u00e1n a vezet\u00e9st is \u00e1tvett\u00e9k. A v\u00e9g\u00e9n els\u0151 meccslabd\u00e1t a Vegy\u00e9sz h\u00e1r\u00edtotta, de a m\u00e1sodikat m\u00e1r nem tudta, \u00edgy a Kladno a tov\u00e1bbjut\u00e1s mellett a gy\u0151zelmet is megszerezte <strong>(13:15)<\/strong>.<\/p>\n<p><strong>Marek Kardos:<\/strong> \u2013 Nem m\u0171k\u00f6d\u00f6tt a t\u00e1mad\u00e1sunk, \u00e9s megint kapkodtunk, hamar akartuk befejezni a labdameneteket. Egy ilyen csapat ellen, mint a Kladno, ez nagyon ki tud j\u00f6nni.<\/p>\n<p>&nbsp;<\/p>\n<p>F\u00e9rfi Magyar Kupa-negyedd\u00f6nt\u0151, 1. m\u00e9rk\u0151z\u00e9s<br \/>\n<strong>Szolnok \u2013 H\u00c9P-Kecskem\u00e9t 0:3 (\u201316, \u201315, \u201320)<\/strong><\/p>\n<p>&nbsp;<\/p>\n<p>A H\u00c9T TOV\u00c1BBI PROGRAMJA:<br \/>\n<strong>December 7., p\u00e9ntek<br \/>\n<\/strong>18:00 Szolnok \u2013 Dunaferr (f\u00e9rfi NB I, B-csoport)<br \/>\n<strong>December 8., szombat<br \/>\n<\/strong>17:00 Buda\u00f6rs \u2013 1. MCM Diamant Kaposv\u00e1r (n\u0151i NB I)<br \/>\n17:00 MTK Budapest \u2013 Szent Benedek-Balatonf\u00fcred (n\u0151i NB I)<br \/>\n18:00 UTE \u2013 Swietelsky-BRSE (n\u0151i Extraliga)<br \/>\n18:00 Fatum-Ny\u00edregyh\u00e1za \u2013 J\u00e1szber\u00e9ny (n\u0151i Extraliga)<br \/>\n<strong>December 9., vas\u00e1rnap<br \/>\n<\/strong>14:30 DEAC \u2013 S\u00fcmeg (f\u00e9rfi NB I, B-csoport)<br \/>\n15:00 PTE-PEAC \u2013 MAFC-BME (f\u00e9rfi NB I, A-csoport)<br \/>\n16:00 VRCK \u2013 M\u00c1V El\u0151re (f\u00e9rfi NB I, A-csoport)<br \/>\n17:00 SZESE-Gy\u0151r \u2013 P\u00e9nz\u00fcgy\u0151r (f\u00e9rfi NB I, A-csoport)<br \/>\n17:00 Vasas \u00d3buda \u2013 Hungast-Halad\u00e1s (n\u0151i Extraliga)<br \/>\n17:00 Penta G\u00f6d\u00f6ll\u0151i RC \u2013 TFSE (n\u0151i NB I)<br \/>\n19:30 DVTK FUX \u2013 Palota (n\u0151i NB I)<\/p>\n","protected":false},"excerpt":{"rendered":"<p>Cs\u00fct\u00f6rt\u00f6k\u00f6n k\u00e9t magyar kupacsapat l\u00e9pett p\u00e1ly\u00e1ra. A Vasas \u00d3buda 3:1-es el\u0151nyb\u0151l v\u00e1rta a temesv\u00e1ri visszav\u00e1g\u00f3t a n\u0151i Challenge-kup\u00e1ban, s mivel idegenben is j\u00e1tszmaveszt\u00e9s n\u00e9lk\u00fcl nyert, \u00edgy kett\u0151s gy\u0151zelemmel jutott a [&hellip;]<\/p>\n","protected":false},"author":2,"featured_media":63484,"comment_status":"closed","ping_status":"closed","sticky":false,"template":"","format":"standard","meta":{"_acf_changed":false,"_et_pb_use_builder":"","_et_pb_old_content":"","_et_gb_content_width":"","footnotes":""},"categories":[126,128],"tags":[],"class_list":["post-63480","post","type-post","status-publish","format-standard","has-post-thumbnail","hentry","category-archiv","category-teremroplabda-2022-elottrol"],"acf":[],"_links":{"self":[{"href":"https:\/\/hunvolley.hu\/index.php\/wp-json\/wp\/v2\/posts\/63480","targetHints":{"allow":["GET"]}}],"collection":[{"href":"https:\/\/hunvolley.hu\/index.php\/wp-json\/wp\/v2\/posts"}],"about":[{"href":"https:\/\/hunvolley.hu\/index.php\/wp-json\/wp\/v2\/types\/post"}],"author":[{"embeddable":true,"href":"https:\/\/hunvolley.hu\/index.php\/wp-json\/wp\/v2\/users\/2"}],"replies":[{"embeddable":true,"href":"https:\/\/hunvolley.hu\/index.php\/wp-json\/wp\/v2\/comments?post=63480"}],"version-history":[{"count":1,"href":"https:\/\/hunvolley.hu\/index.php\/wp-json\/wp\/v2\/posts\/63480\/revisions"}],"predecessor-version":[{"id":63485,"href":"https:\/\/hunvolley.hu\/index.php\/wp-json\/wp\/v2\/posts\/63480\/revisions\/63485"}],"wp:featuredmedia":[{"embeddable":true,"href":"https:\/\/hunvolley.hu\/index.php\/wp-json\/wp\/v2\/media\/63484"}],"wp:attachment":[{"href":"https:\/\/hunvolley.hu\/index.php\/wp-json\/wp\/v2\/media?parent=63480"}],"wp:term":[{"taxonomy":"category","embeddable":true,"href":"https:\/\/hunvolley.hu\/index.php\/wp-json\/wp\/v2\/categories?post=63480"},{"taxonomy":"post_tag","embeddable":true,"href":"https:\/\/hunvolley.hu\/index.php\/wp-json\/wp\/v2\/tags?post=63480"}],"curies":[{"name":"wp","href":"https:\/\/api.w.org\/{rel}","templated":true}]}}