{"id":63087,"date":"2018-10-30T12:29:00","date_gmt":"2018-10-30T11:29:00","guid":{"rendered":"https:\/\/hunvolley.hu\/index.php\/onkentes\/ket-uj-jatekossal-erositett-a-haladas\/"},"modified":"2024-05-24T17:44:23","modified_gmt":"2024-05-24T15:44:23","slug":"ket-uj-jatekossal-erositett-a-haladas","status":"publish","type":"post","link":"https:\/\/hunvolley.hu\/index.php\/archiv\/ket-uj-jatekossal-erositett-a-haladas\/","title":{"rendered":"K\u00e9t \u00faj j\u00e1t\u00e9kossal er\u0151s\u00edtett a Halad\u00e1s"},"content":{"rendered":"<p><strong>K\u00e9t \u00faj j\u00e1t\u00e9kost igazolt az Extraliga sereghajt\u00f3ja a felad\u00f3 Cicic Marija \u00e9s a szerb Nyikolina Aszcserics szem\u00e9ly\u00e9ben. <\/strong><\/p>\n<p>&nbsp;<\/p>\n<p>Nem rajtolt t\u00fal j\u00f3l a n\u0151i Extralig\u00e1ban a Hungast-Halad\u00e1s csapata, hiszen eddigi hat m\u00e9rk\u0151z\u00e9s\u00fck\u00f6n mind\u00f6ssze egy j\u00e1tszm\u00e1t tudtak nyerni.<\/p>\n<p>A klubvezet\u00e9s tov\u00e1bb dolgozott azon, hogy meger\u0151s\u00edts\u00e9k a csapat keret\u00e9t, \u00edgy \u00e9rkezett okt\u00f3ber k\u00f6zep\u00e9n Szombathelyre <strong>Nyikolina Aszcserics<\/strong>, s a 24 \u00e9ves szerb center m\u00e1r be is mutatkozott a csapatban, s\u0151t m\u00e1r h\u00e1rom bajnokin is p\u00e1ly\u00e1ra l\u00e9pett.<\/p>\n<p>Most a felad\u00f3 posztra is \u00faj j\u00e1t\u00e9kos \u00e9rkezett, m\u00e9gpedig egy r\u00e9gi ismer\u0151s, <strong>Cicic Marija<\/strong> szem\u00e9ly\u00e9ben. A 19 \u00e9ves j\u00e1t\u00e9kos 2014-ben a TF-ben mutatkozott be az \u00e9lvonalban, majd egy \u00e9vvel k\u00e9s\u0151bb az MTK-val junior bajnok lett. Abban az \u00e9vben tagja volt a gy\u0151ri junior Eur\u00f3pa-bajnoks\u00e1gon szerepl\u0151, s ott 10. helyen v\u00e9gz\u0151 magyar v\u00e1logatottnak is, ezt k\u00f6vet\u0151en viszont Szerbi\u00e1ba, a Spartak Subotica csapat\u00e1hoz igazolt.<\/p>\n<p>Most a bajnoki c\u00edmv\u00e9d\u0151 Swietelsky-BRSE igazolta le, s a felek h\u00e1rom id\u00e9nyre sz\u00f3l\u00f3 szerz\u0151d\u00e9st \u00edrtak al\u00e1, de a b\u00e9k\u00e9scsabaiak azzal a lend\u00fclettel k\u00f6lcs\u00f6n is adt\u00e1k a j\u00e1t\u00e9kost a Halad\u00e1snak.<\/p>\n<p>&nbsp;<\/p>\n","protected":false},"excerpt":{"rendered":"<p>K\u00e9t \u00faj j\u00e1t\u00e9kost igazolt az Extraliga sereghajt\u00f3ja a felad\u00f3 Cicic Marija \u00e9s a szerb Nyikolina Aszcserics szem\u00e9ly\u00e9ben. &nbsp; Nem rajtolt t\u00fal j\u00f3l a n\u0151i Extralig\u00e1ban a Hungast-Halad\u00e1s csapata, hiszen eddigi [&hellip;]<\/p>\n","protected":false},"author":2,"featured_media":63088,"comment_status":"closed","ping_status":"closed","sticky":false,"template":"","format":"standard","meta":{"_acf_changed":false,"_et_pb_use_builder":"","_et_pb_old_content":"","_et_gb_content_width":"","footnotes":""},"categories":[126,128],"tags":[],"class_list":["post-63087","post","type-post","status-publish","format-standard","has-post-thumbnail","hentry","category-archiv","category-teremroplabda-2022-elottrol"],"acf":[],"_links":{"self":[{"href":"https:\/\/hunvolley.hu\/index.php\/wp-json\/wp\/v2\/posts\/63087","targetHints":{"allow":["GET"]}}],"collection":[{"href":"https:\/\/hunvolley.hu\/index.php\/wp-json\/wp\/v2\/posts"}],"about":[{"href":"https:\/\/hunvolley.hu\/index.php\/wp-json\/wp\/v2\/types\/post"}],"author":[{"embeddable":true,"href":"https:\/\/hunvolley.hu\/index.php\/wp-json\/wp\/v2\/users\/2"}],"replies":[{"embeddable":true,"href":"https:\/\/hunvolley.hu\/index.php\/wp-json\/wp\/v2\/comments?post=63087"}],"version-history":[{"count":1,"href":"https:\/\/hunvolley.hu\/index.php\/wp-json\/wp\/v2\/posts\/63087\/revisions"}],"predecessor-version":[{"id":63089,"href":"https:\/\/hunvolley.hu\/index.php\/wp-json\/wp\/v2\/posts\/63087\/revisions\/63089"}],"wp:featuredmedia":[{"embeddable":true,"href":"https:\/\/hunvolley.hu\/index.php\/wp-json\/wp\/v2\/media\/63088"}],"wp:attachment":[{"href":"https:\/\/hunvolley.hu\/index.php\/wp-json\/wp\/v2\/media?parent=63087"}],"wp:term":[{"taxonomy":"category","embeddable":true,"href":"https:\/\/hunvolley.hu\/index.php\/wp-json\/wp\/v2\/categories?post=63087"},{"taxonomy":"post_tag","embeddable":true,"href":"https:\/\/hunvolley.hu\/index.php\/wp-json\/wp\/v2\/tags?post=63087"}],"curies":[{"name":"wp","href":"https:\/\/api.w.org\/{rel}","templated":true}]}}