{"id":61602,"date":"2017-12-19T00:22:00","date_gmt":"2017-12-18T23:22:00","guid":{"rendered":"https:\/\/hunvolley.hu\/index.php\/onkentes\/heti-program-rangado-a-tv-ben-magyar-es-nemzetkozi-kupameccsek\/"},"modified":"2024-05-24T17:43:19","modified_gmt":"2024-05-24T15:43:19","slug":"heti-program-rangado-a-tv-ben-magyar-es-nemzetkozi-kupameccsek","status":"publish","type":"post","link":"https:\/\/hunvolley.hu\/index.php\/archiv\/heti-program-rangado-a-tv-ben-magyar-es-nemzetkozi-kupameccsek\/","title":{"rendered":"Heti program \u2013 rangad\u00f3 a tv-ben, Magyar \u00e9s nemzetk\u00f6zi kupameccsek"},"content":{"rendered":"<p><strong>Hi\u00e1ba k\u00f6zeledik rohamosan a Kar\u00e1csony, az \u00e9lvonalbeli r\u00f6plabd\u00e1z\u00f3k tov\u00e1bbra sem pihenhetnek. Igaz, ezen a h\u00e9ten mind\u00f6ssze egy bajnokira ker\u00fcl m\u00e1r csak sor, a f\u00f3kuszba azonban \u00edgy a Magyar Kupa negyedd\u00f6nt\u0151i ker\u00fcltek \u00e9s ezen a h\u00e9ten j\u00e1tsz\u00e1k a P\u00e9nz\u00fcgy\u0151r Challenge-kupameccs\u00e9nek visszav\u00e1g\u00f3j\u00e1t is.<\/strong><\/p>\n<p>&nbsp;<\/p>\n<p>A program kedden, az <strong>MTK\u2013Vasas<\/strong> p\u00e1rharc els\u0151 m\u00e9rk\u0151z\u00e9s\u00e9vel kezd\u0151dik, s k\u00e9t nappal k\u00e9s\u0151bb m\u00e1r a visszav\u00e1g\u00f3t is lej\u00e1tssz\u00e1k a Folyond\u00e1r utc\u00e1ban. A kett\u0151 k\u00f6z\u00f6tt, szerd\u00e1n h\u00e1rom tal\u00e1lkoz\u00f3ra is sor ker\u00fcl: a legkor\u00e1bban a <strong>P\u00e9nz\u00fcgy\u0151r<\/strong> kezd, amely Oroszorsz\u00e1gban j\u00e1tssza a <strong>Gazprom-Ugra Szurgut<\/strong> elleni Challenge-kupa visszav\u00e1g\u00f3j\u00e1t.<\/p>\n<p>D\u00e9lut\u00e1n a <strong>Ny\u00edregyh\u00e1za \u00e9s a Halad\u00e1s<\/strong> m\u00e9ri \u00f6ssze erej\u00e9t a Magyar Kup\u00e1ban, koraeste pedig a <strong>J\u00e1szber\u00e9ny \u00e9s a B\u00e9k\u00e9scsaba<\/strong> j\u00e1tssza le a n\u0151i bajnoks\u00e1g alapszakasz\u00e1nak utols\u00f3 csoportm\u00e9rk\u0151z\u00e9s\u00e9t. Ezt a tal\u00e1lkoz\u00f3t egy\u00e9bk\u00e9nt az <strong>M4 Sport<\/strong> \u00e9l\u0151ben k\u00f6zvet\u00edti.<\/p>\n<p>A m\u00e1r eml\u00edtett cs\u00fct\u00f6rt\u00f6ki <strong>Vasas\u2013MTK<\/strong> meccs ut\u00e1n a p\u00e9nteki <strong>B\u00e9k\u00e9scsaba\u2013Kaposv\u00e1r<\/strong> kupavisszav\u00e1g\u00f3val z\u00e1rul a h\u00e9t programja. De nem az \u00e9v\u00e9, mert a k\u00e9t \u00fcnnep k\u00f6z\u00f6tt Gy\u0151rben rendeznek le\u00e1ny U17-es MEVZA-torn\u00e1t \u00e9s a Kazincbarcika is p\u00e1ly\u00e1ra l\u00e9p majd Z\u00e1gr\u00e1bban, a MEVZA-kup\u00e1ban, de ezeknek a r\u00e9szletes programj\u00e1t majd a j\u00f6v\u0151 h\u00e9ten k\u00f6z\u00f6lj\u00fck.<\/p>\n<p>&nbsp;<\/p>\n<p>HETI PROGRAM:<br \/>\n<strong>December 19., kedd<br \/>\n<\/strong>18:00 MTK Budapest \u2013 Vasas \u00d3buda (n\u0151i Magyar Kupa-negyedd\u00f6nt\u0151, els\u0151 m\u00e9rk\u0151z\u00e9s)<br \/>\n<strong>December 20., szerda<br \/>\n<\/strong>15:00 Szurgut (orosz) \u2013 P\u00e9nz\u00fcgy\u0151r (f\u00e9rfi Challenge Kupa, 1. fordul\u00f3, visszav\u00e1g\u00f3)<strong><br \/>\n<\/strong>17:00 Fatum Ny\u00edregyh\u00e1za \u2013 Halad\u00e1s (n\u0151i Magyar Kupa-negyedd\u00f6nt\u0151, visszav\u00e1g\u00f3)<br \/>\n18:30 J\u00e1szber\u00e9ny \u2013 Linamar-BRSE (n\u0151i NB I, A-csoport); <strong>Tv:<\/strong> M4Sport<br \/>\n<strong>December 21., cs\u00fct\u00f6rt\u00f6k<br \/>\n<\/strong>19:00 Vasas \u00d3buda \u2013 MTK Budapest (n\u0151i Magyar Kupa-negyedd\u00f6nt\u0151, visszav\u00e1g\u00f3)<br \/>\n<strong>December 22., p\u00e9ntek<br \/>\n<\/strong>18:00 Linamar-BRSE \u2013 1. MCM Diamant Kaposv\u00e1r (n\u0151i Magyar Kupa-negyedd\u00f6nt\u0151, visszav\u00e1g\u00f3)<\/p>\n","protected":false},"excerpt":{"rendered":"<p>Hi\u00e1ba k\u00f6zeledik rohamosan a Kar\u00e1csony, az \u00e9lvonalbeli r\u00f6plabd\u00e1z\u00f3k tov\u00e1bbra sem pihenhetnek. Igaz, ezen a h\u00e9ten mind\u00f6ssze egy bajnokira ker\u00fcl m\u00e1r csak sor, a f\u00f3kuszba azonban \u00edgy a Magyar Kupa negyedd\u00f6nt\u0151i [&hellip;]<\/p>\n","protected":false},"author":2,"featured_media":57451,"comment_status":"closed","ping_status":"closed","sticky":false,"template":"","format":"standard","meta":{"_acf_changed":false,"_et_pb_use_builder":"","_et_pb_old_content":"","_et_gb_content_width":"","footnotes":""},"categories":[126,128],"tags":[],"class_list":["post-61602","post","type-post","status-publish","format-standard","has-post-thumbnail","hentry","category-archiv","category-teremroplabda-2022-elottrol"],"acf":[],"_links":{"self":[{"href":"https:\/\/hunvolley.hu\/index.php\/wp-json\/wp\/v2\/posts\/61602","targetHints":{"allow":["GET"]}}],"collection":[{"href":"https:\/\/hunvolley.hu\/index.php\/wp-json\/wp\/v2\/posts"}],"about":[{"href":"https:\/\/hunvolley.hu\/index.php\/wp-json\/wp\/v2\/types\/post"}],"author":[{"embeddable":true,"href":"https:\/\/hunvolley.hu\/index.php\/wp-json\/wp\/v2\/users\/2"}],"replies":[{"embeddable":true,"href":"https:\/\/hunvolley.hu\/index.php\/wp-json\/wp\/v2\/comments?post=61602"}],"version-history":[{"count":1,"href":"https:\/\/hunvolley.hu\/index.php\/wp-json\/wp\/v2\/posts\/61602\/revisions"}],"predecessor-version":[{"id":65770,"href":"https:\/\/hunvolley.hu\/index.php\/wp-json\/wp\/v2\/posts\/61602\/revisions\/65770"}],"wp:featuredmedia":[{"embeddable":true,"href":"https:\/\/hunvolley.hu\/index.php\/wp-json\/wp\/v2\/media\/57451"}],"wp:attachment":[{"href":"https:\/\/hunvolley.hu\/index.php\/wp-json\/wp\/v2\/media?parent=61602"}],"wp:term":[{"taxonomy":"category","embeddable":true,"href":"https:\/\/hunvolley.hu\/index.php\/wp-json\/wp\/v2\/categories?post=61602"},{"taxonomy":"post_tag","embeddable":true,"href":"https:\/\/hunvolley.hu\/index.php\/wp-json\/wp\/v2\/tags?post=61602"}],"curies":[{"name":"wp","href":"https:\/\/api.w.org\/{rel}","templated":true}]}}