{"id":60867,"date":"2017-07-03T23:43:00","date_gmt":"2017-07-03T21:43:00","guid":{"rendered":"https:\/\/hunvolley.hu\/index.php\/onkentes\/ez-mar-haladas-ujra-az-elvonalban-a-szombathelyi-lanyok\/"},"modified":"2024-05-24T17:42:35","modified_gmt":"2024-05-24T15:42:35","slug":"ez-mar-haladas-ujra-az-elvonalban-a-szombathelyi-lanyok","status":"publish","type":"post","link":"https:\/\/hunvolley.hu\/index.php\/archiv\/ez-mar-haladas-ujra-az-elvonalban-a-szombathelyi-lanyok\/","title":{"rendered":"Ez m\u00e1r Halad\u00e1s! \u00dajra az \u00e9lvonalban a szombathelyi l\u00e1nyok"},"content":{"rendered":"<p><strong>Az \u0151sszel \u00fajra az \u00e9lvonalban kezdheti meg bajnoki szerepl\u00e9s\u00e9t a Halad\u00e1s VSE-Sportiskola n\u0151i r\u00f6plabdacsapata. A szombathelyiek az NB II nyugati csoportj\u00e1nak els\u0151 helye ut\u00e1n sikerrel vett\u00e9k a Miskolc elleni oszt\u00e1lyoz\u00f3t is, \u00edgy teljesen meg\u00e9rdemelten v\u00e1ltottak jegyet a legjobbak mez\u0151ny\u00e9be. <\/strong><\/p>\n<p>A dr. Mucsi P\u00e9ter vezette szakmai st\u00e1b nagy f\u00e1ba v\u00e1gta a fejsz\u00e9j\u00e9t, amikor elkezdte a munk\u00e1t a l\u00e1nyokkal m\u00e9g tavaly ny\u00e1ron. A fiatal kerethez \u00e9rkezett n\u00e9h\u00e1ny rutinos j\u00e1t\u00e9kos, \u00e9s r\u00f6vid id\u0151 alatt kider\u00fclt, hogy egy j\u00f3 szellemis\u00e9g\u0171, eredm\u00e9nyes egy\u00fcttest siker\u00fclt \u00f6sszerakni. Nagy l\u00f6k\u00e9st adott a riv\u00e1lis P\u00e9cs legy\u0151z\u00e9se, \u00e9s a folytat\u00e1sban sem lass\u00edtott a Halad\u00e1s-expressz. A munka azt\u00e1n be\u00e9rett: a vasiak el\u0151bb a legjobbnak bizonyultak a nyugati csoportban, majd a Miskolc elleni oszt\u00e1lyoz\u00f3-p\u00e1rharcot is sikerrel abszolv\u00e1lt\u00e1k.<\/p>\n<p><img loading=\"lazy\" decoding=\"async\" class=\"alignnone size-full wp-image-4958\" src=\"http:\/\/hunvolley.hu\/wp-content\/uploads\/2017\/07\/halad\u00e1s-mucsi.jpg\" alt=\"\" width=\"960\" height=\"540\" \/><\/p>\n<p>A Halad\u00e1s teh\u00e1t \u00fajra az NB I-ben kezdheti meg szerepl\u00e9s\u00e9t, \u00e9s a szakoszt\u00e1ly vezet\u0151i m\u00e1r azon dolgoznak, hogy a csapat meg\u00e1llja a hely\u00e9t egy oszt\u00e1llyal feljebb is. Term\u00e9szetesen elker\u00fclhetetlen az er\u0151s\u00edt\u00e9s, \u00e9s a szeml\u00e9letv\u00e1lt\u00e1s is. Szombathelyen is nagyon \u00f6r\u00fclnek annak, hogy v\u00e9gre a r\u00f6plabda is beker\u00fclt a TAO-programba, \u00edgy v\u00e9gre a l\u00e1tv\u00e1nysportok k\u00f6z\u00e9 ker\u00fclt, ami eddig is l\u00e1tv\u00e1nysport volt. Mucsi P\u00e9ter kiemelte: a vasiak sz\u00e9p siker\u00e9nek egyik f\u0151 \u00fczenete az lehet, fiatal, Y-gener\u00e1ci\u00f3s l\u00e1nyokat siker\u00fclt megnyerni a mozg\u00e1snak, a sportnak, akik \u00edgy nem a g\u00e9p el\u0151tt t\u00f6ltik mindennapjaikat. A r\u00f6plabda \u00e1ltal sokkal \u00e9rt\u00e9kesebb emberekk\u00e9 v\u00e1ltak.<\/p>\n<p>A h\u00edrek szerint m\u00e1r a vezet\u0151edz\u0151j\u00e9t is megtal\u00e1lta a csapat, \u00e9s r\u00f6vid id\u0151n bel\u00fcl kider\u00fcl, ki ir\u00e1ny\u00edtja majd az \u00fajonc szakmai munk\u00e1j\u00e1t.<\/p>\n","protected":false},"excerpt":{"rendered":"<p>Az \u0151sszel \u00fajra az \u00e9lvonalban kezdheti meg bajnoki szerepl\u00e9s\u00e9t a Halad\u00e1s VSE-Sportiskola n\u0151i r\u00f6plabdacsapata. A szombathelyiek az NB II nyugati csoportj\u00e1nak els\u0151 helye ut\u00e1n sikerrel vett\u00e9k a Miskolc elleni oszt\u00e1lyoz\u00f3t [&hellip;]<\/p>\n","protected":false},"author":2,"featured_media":56495,"comment_status":"closed","ping_status":"closed","sticky":false,"template":"","format":"standard","meta":{"_acf_changed":false,"_et_pb_use_builder":"","_et_pb_old_content":"","_et_gb_content_width":"","footnotes":""},"categories":[126,128],"tags":[],"class_list":["post-60867","post","type-post","status-publish","format-standard","has-post-thumbnail","hentry","category-archiv","category-teremroplabda-2022-elottrol"],"acf":[],"_links":{"self":[{"href":"https:\/\/hunvolley.hu\/index.php\/wp-json\/wp\/v2\/posts\/60867","targetHints":{"allow":["GET"]}}],"collection":[{"href":"https:\/\/hunvolley.hu\/index.php\/wp-json\/wp\/v2\/posts"}],"about":[{"href":"https:\/\/hunvolley.hu\/index.php\/wp-json\/wp\/v2\/types\/post"}],"author":[{"embeddable":true,"href":"https:\/\/hunvolley.hu\/index.php\/wp-json\/wp\/v2\/users\/2"}],"replies":[{"embeddable":true,"href":"https:\/\/hunvolley.hu\/index.php\/wp-json\/wp\/v2\/comments?post=60867"}],"version-history":[{"count":1,"href":"https:\/\/hunvolley.hu\/index.php\/wp-json\/wp\/v2\/posts\/60867\/revisions"}],"predecessor-version":[{"id":65549,"href":"https:\/\/hunvolley.hu\/index.php\/wp-json\/wp\/v2\/posts\/60867\/revisions\/65549"}],"wp:featuredmedia":[{"embeddable":true,"href":"https:\/\/hunvolley.hu\/index.php\/wp-json\/wp\/v2\/media\/56495"}],"wp:attachment":[{"href":"https:\/\/hunvolley.hu\/index.php\/wp-json\/wp\/v2\/media?parent=60867"}],"wp:term":[{"taxonomy":"category","embeddable":true,"href":"https:\/\/hunvolley.hu\/index.php\/wp-json\/wp\/v2\/categories?post=60867"},{"taxonomy":"post_tag","embeddable":true,"href":"https:\/\/hunvolley.hu\/index.php\/wp-json\/wp\/v2\/tags?post=60867"}],"curies":[{"name":"wp","href":"https:\/\/api.w.org\/{rel}","templated":true}]}}