{"id":48417,"date":"2023-09-24T17:34:27","date_gmt":"2023-09-24T15:34:27","guid":{"rendered":"http:\/\/mrsz.pressenger.com\/uncategorized\/ezustvasarnap-szeptemberben\/"},"modified":"2023-11-09T19:47:14","modified_gmt":"2023-11-09T18:47:14","slug":"ezustvasarnap-szeptemberben","status":"publish","type":"post","link":"https:\/\/hunvolley.hu\/index.php\/strandroplabda\/ezustvasarnap-szeptemberben\/","title":{"rendered":"Ez\u00fcstvas\u00e1rnap szeptemberben!"},"content":{"rendered":"<p><strong>K\u00e9t nagyszer\u0171 m\u00e1sodik helyez\u00e9st \u00e9rtek el a magyar strandr\u00f6plabd\u00e1z\u00f3k a h\u00e9tv\u00e9gi nemzetk\u00f6zi versenyeken.<\/strong><\/p>\n<p>&nbsp;<\/p>\n<p>A Windisch Kinga, Kun Stef\u00e1nia alkotta kett\u0151s az innsbrucki MEVZA-torn\u00e1n \u00fagy lett ez\u00fcst\u00e9rmes, hogy az el\u0151d\u00f6nt\u0151ben a tavalyi gy\u0151ztes osztr\u00e1k du\u00f3t ejtette ki, a d\u00f6nt\u0151ben pedig meccslabd\u00e1ja is volt, m\u00edg Haj\u00f3s Art\u00far \u00e9s Str\u00e9li Bence p\u00e1rosa az olaszorsz\u00e1gi Cervi\u00e1ban verekedte be mag\u00e1t &#8211; lett \u00e9s olasz p\u00e1rosokon kereszt\u00fcl &#8211; a fin\u00e1l\u00e9ba, s v\u00e9g\u00fcl m\u00e1sodikk\u00e9nt z\u00e1rt a rangos Beach Pro Tour-versenyen.<\/p>\n<p>A mai el\u0151d\u00f6nt\u0151k \u00e9s d\u00f6nt\u0151k<\/p>\n<p>MEVZA-torna, Innsbruck (vas\u00e1rnap)<\/p>\n<p>El\u0151d\u00f6nt\u0151: Windisch K., Kun &#8211; Rabitsch, Trailovic (AUT) 2:1 (18, -12, 11)<\/p>\n<p>D\u00f6nt\u0151: Windisch K., Kun &#8211; Javornik, Marolt (SLO) 1:2 (14, -21, -14)<\/p>\n<p><img loading=\"lazy\" decoding=\"async\" class=\"alignnone size-full wp-image-41020\" src=\"https:\/\/hunvolley.hu\/wp-content\/uploads\/381513655_286317604158095_6036039565517204775_n.jpg\" alt=\"\" width=\"720\" height=\"720\" \/><\/p>\n<p>Beach Pro Tour-verseny, Cervia<\/p>\n<p>El\u0151d\u00f6nt\u0151: Haj\u00f3s, Str\u00e9li &#8211; Bedritis, Rinkevics (LAT) 2:0 (15, 19)<\/p>\n<p>D\u00f6nt\u0151: Haj\u00f3s Str\u00e9li &#8211; Marchetto, J. Windisch (ITA) 0:2 (-14, -20)<\/p>\n<p>A n\u00e9gy k\u00f6z\u00e9 jut\u00e1s\u00e9rt rendezett m\u00e9rk\u0151z\u00e9sekr\u0151l kor\u00e1bbi cikkeinkben olvashattok:<br \/>\n<span role=\"gridcell\"><a class=\"x1i10hfl xjbqb8w x6umtig x1b1mbwd xaqea5y xav7gou x9f619 x1ypdohk xt0psk2 xe8uvvx xdj266r x11i5rnm xat24cr x1mh8g0r xexx8yu x4uap5 x18d9i69 xkhd6sd x16tdsg8 xggy1nq x1a2a7pz xt0b8zv x1heor9g x1bvjpef\" tabindex=\"-1\" role=\"link\" href=\"https:\/\/hunvolley.hu\/?p=41014&amp;fbclid=IwAR1QhrfUopLYbc30-6Wv8pL-_0bCfLdRtTXkxOuU2RIhUCGp1vVs-oG5_Jc\" target=\"_blank\" rel=\"nofollow noopener noreferrer\">https:\/\/hunvolley.hu\/?p=41014<\/a><\/span><br \/>\n<span role=\"gridcell\"><a class=\"x1i10hfl xjbqb8w x6umtig x1b1mbwd xaqea5y xav7gou x9f619 x1ypdohk xt0psk2 xe8uvvx xdj266r x11i5rnm xat24cr x1mh8g0r xexx8yu x4uap5 x18d9i69 xkhd6sd x16tdsg8 xggy1nq x1a2a7pz xt0b8zv x1heor9g x1bvjpef\" tabindex=\"-1\" role=\"link\" href=\"https:\/\/hunvolley.hu\/?p=41000&amp;fbclid=IwAR2lUqhjWiN_YPYVJTeyF_W8YYusoWxHyUdBbiwke-CFK4RYJDHfXcLqY-8\" target=\"_blank\" rel=\"nofollow noopener noreferrer\">https:\/\/hunvolley.hu\/?p=41000<\/a><\/span><\/p>\n","protected":false},"excerpt":{"rendered":"<p>K\u00e9t nagyszer\u0171 m\u00e1sodik helyez\u00e9st \u00e9rtek el a magyar strandr\u00f6plabd\u00e1z\u00f3k a h\u00e9tv\u00e9gi nemzetk\u00f6zi versenyeken. &nbsp; A Windisch Kinga, Kun Stef\u00e1nia alkotta kett\u0151s az innsbrucki MEVZA-torn\u00e1n \u00fagy lett ez\u00fcst\u00e9rmes, hogy az el\u0151d\u00f6nt\u0151ben [&hellip;]<\/p>\n","protected":false},"author":10,"featured_media":43700,"comment_status":"open","ping_status":"open","sticky":false,"template":"","format":"standard","meta":{"_acf_changed":false,"_et_pb_use_builder":"","_et_pb_old_content":"","_et_gb_content_width":"","footnotes":""},"categories":[36,37],"tags":[],"class_list":["post-48417","post","type-post","status-publish","format-standard","has-post-thumbnail","hentry","category-strandroplabda","category-valogatott-strandroplaba"],"acf":[],"_links":{"self":[{"href":"https:\/\/hunvolley.hu\/index.php\/wp-json\/wp\/v2\/posts\/48417","targetHints":{"allow":["GET"]}}],"collection":[{"href":"https:\/\/hunvolley.hu\/index.php\/wp-json\/wp\/v2\/posts"}],"about":[{"href":"https:\/\/hunvolley.hu\/index.php\/wp-json\/wp\/v2\/types\/post"}],"author":[{"embeddable":true,"href":"https:\/\/hunvolley.hu\/index.php\/wp-json\/wp\/v2\/users\/10"}],"replies":[{"embeddable":true,"href":"https:\/\/hunvolley.hu\/index.php\/wp-json\/wp\/v2\/comments?post=48417"}],"version-history":[{"count":1,"href":"https:\/\/hunvolley.hu\/index.php\/wp-json\/wp\/v2\/posts\/48417\/revisions"}],"predecessor-version":[{"id":51442,"href":"https:\/\/hunvolley.hu\/index.php\/wp-json\/wp\/v2\/posts\/48417\/revisions\/51442"}],"wp:featuredmedia":[{"embeddable":true,"href":"https:\/\/hunvolley.hu\/index.php\/wp-json\/wp\/v2\/media\/43700"}],"wp:attachment":[{"href":"https:\/\/hunvolley.hu\/index.php\/wp-json\/wp\/v2\/media?parent=48417"}],"wp:term":[{"taxonomy":"category","embeddable":true,"href":"https:\/\/hunvolley.hu\/index.php\/wp-json\/wp\/v2\/categories?post=48417"},{"taxonomy":"post_tag","embeddable":true,"href":"https:\/\/hunvolley.hu\/index.php\/wp-json\/wp\/v2\/tags?post=48417"}],"curies":[{"name":"wp","href":"https:\/\/api.w.org\/{rel}","templated":true}]}}